{"id":835,"date":"2020-03-25T00:04:41","date_gmt":"2020-03-24T21:04:41","guid":{"rendered":"https:\/\/www.narterlaw.com\/koronavirus-sebebiyle-sirketlerin-genel-kurul-toplantilarinin-ertelenmesi\/"},"modified":"2020-03-25T00:04:41","modified_gmt":"2020-03-24T21:04:41","slug":"koronavirus-sebebiyle-sirketlerin-genel-kurul-toplantilarinin-ertelenmesi","status":"publish","type":"post","link":"https:\/\/www.narterlaw.com\/en\/koronavirus-sebebiyle-sirketlerin-genel-kurul-toplantilarinin-ertelenmesi\/","title":{"rendered":"Koronavir\u00fcs Sebebiyle \u015eirketlerin Genel Kurul Toplant\u0131lar\u0131n\u0131n Ertelenmesi"},"content":{"rendered":"<ol>\n<li><b><\/b><b>\u015e\u0130RKET OLA\u011eAN GENEL KURUL<\/b><b> <\/b><b>TOPLANTILARI<\/b><\/li>\n<\/ol>\n<p>\u015eirket ola\u011fan genel kurul toplant\u0131lar\u0131; \u015firket organlar\u0131n\u0131n se\u00e7imine, finansal tablolara, y\u00f6netim kurulunun y\u0131ll\u0131k faaliyet raporuna, kar\u0131n kullan\u0131m \u015fekline, da\u011f\u0131t\u0131lacak kar ve kazan\u00e7 paylar\u0131n\u0131n oranlar\u0131n\u0131n<span class=\"Apple-converted-space\">\u00a0 <\/span>belirlenmesine,<span class=\"Apple-converted-space\">\u00a0 <\/span>y\u00f6netim<span class=\"Apple-converted-space\">\u00a0 <\/span>kurulu<span class=\"Apple-converted-space\">\u00a0 <\/span>\u00fcyelerinin ibralar\u0131 ile faaliyet d\u00f6nemlerini ilgilendiren ve gerekli g\u00f6r\u00fclen di\u011fer hususlara ili\u015fkin m\u00fczakereler yapmak ve karar almak \u00fczere her hesap d\u00f6nemi i\u00e7in yap\u0131lan toplant\u0131lard\u0131r.<\/p>\n<p>T\u00fcrk Ticaret Kanunu\u2019nun (\u2018\u2019<b>Kanun\u2019<\/b>\u2019), 409\u2019uncu maddesi 1\u2019inci f\u0131kras\u0131;<\/p>\n<p><i>\u2018\u2019Genel kurullar ola\u011fan ve ola\u011fan\u00fcst\u00fc toplan\u0131r. Ola\u011fan toplant\u0131 her faaliyet d\u00f6nemi sonundan itibaren \u00fc\u00e7 ay i\u00e7inde yap\u0131l\u0131r. Bu toplant\u0131larda, organlar\u0131n se\u00e7imine, finansal tablolara, y\u00f6netim kurulunun y\u0131ll\u0131k raporuna, k\u00e2r\u0131n kullan\u0131m \u015fekline, da\u011f\u0131t\u0131lacak k\u00e2r ve kazan\u00e7 paylar\u0131n\u0131n oranlar\u0131n\u0131n belirlenmesine, y\u00f6netim kurulu \u00fcyelerinin ibralar\u0131 ile faaliyet d\u00f6nemini ilgilendiren ve gerekli g\u00f6r\u00fclen di\u011fer konulara ili\u015fkin m\u00fczakere yap\u0131l\u0131r, karar al\u0131n\u0131r.\u2019\u2019<\/i><i> <\/i>\u015feklindedir.<\/p>\n<p>Kanun\u2019da ola\u011fan genel kurul toplant\u0131lar\u0131n\u0131n her faaliyet d\u00f6nemi sonundan itibaren \u00fc\u00e7 ay i\u00e7erisinde yap\u0131laca\u011f\u0131 h\u00fck\u00fcm alt\u0131na al\u0131nm\u0131\u015fsa da, t\u00fcm d\u00fcnya ve \u00fclke genelinde etkisini g\u00f6steren Koronavir\u00fcs (COVID-19) salg\u0131n\u0131 nedeniyle genel kurul toplant\u0131lar\u0131n\u0131n ertelenmesi\/iptal edilmesi hususu Ticaret Bakanl\u0131\u011f\u0131\u2019n\u0131n g\u00fcndeminde yer alm\u0131\u015ft\u0131r.<\/p>\n<ol start=\"2\">\n<li><b><\/b><b>T\u0130CARET BAKANLI\u011eI\u2019NIN 20.03.2020 TAR\u0130HL\u0130<\/b><b> <\/b><b>A\u00c7IKLAMASI<\/b><\/li>\n<\/ol>\n<p>Ticaret Bakanl\u0131\u011f\u0131 \u0130\u00e7 Ticaret Genel M\u00fcd\u00fcrl\u00fc\u011f\u00fc\u2019n\u00fcn, Koronavir\u00fcs salg\u0131n\u0131 nedeniyle \u015firket genel kurul toplant\u0131lar\u0131n\u0131n ertelenmesine ili\u015fkin 20\/03\/2020 tarihli ve 53382221 say\u0131l\u0131 yaz\u0131s\u0131 ile baz\u0131 \u00f6nlemler al\u0131nmas\u0131na karar verilmi\u015ftir. \u015e\u00f6yle ki;<\/p>\n<ol>\n<li>Kanun ve \u015firket s\u00f6zle\u015fmesine uygun olarak y\u00f6netim organlar\u0131 taraf\u0131ndan daha \u00f6nce toplant\u0131ya \u00e7a\u011fr\u0131lan anonim ve limited \u015firketlerin ola\u011fan genel kurullar\u0131n\u0131n,<\/li>\n<\/ol>\n<p>erteleme karar\u0131 al\u0131nmas\u0131 amac\u0131yla genel kurulun toplanmas\u0131 beklenmeksizin, y\u00f6netim organlar\u0131 taraf\u0131ndan al\u0131nacak bir kararla iptal edilmesi imkan\u0131 tan\u0131nm\u0131\u015ft\u0131r.<\/p>\n<p>Buna ili\u015fkin ilan talepleri T\u00fcrkiye Ticaret Sicili Gazetesi M\u00fcd\u00fcrl\u00fc\u011f\u00fcnce kar\u015f\u0131lanmakla birlikte, \u00f6rnek ilan metnine <a href=\"https:\/\/www.ticaretsicil.gov.tr\/\">https:\/\/www.ticaretsicil.gov.tr\/ <\/a>internet adresinden ula\u015f\u0131labilmektedir.<\/p>\n<ul>\n<li>Bu karar ile birlikte, daha \u00f6nce toplant\u0131ya \u00e7a\u011fr\u0131lan \u015firket genel kurulunun, toplant\u0131y\u0131 erteleyebilmesi ve ertelemeye dair karar\u0131n ivedilikle al\u0131nmas\u0131 ama\u00e7lanm\u0131\u015ft\u0131r.<\/li>\n<\/ul>\n<ol start=\"2\">\n<li>\u015eirket s\u00f6zle\u015fmelerinde veya esas s\u00f6zle\u015fmelerinde kurul toplant\u0131lar\u0131n\u0131n elektronik ortamda ger\u00e7ekle\u015ftirilmesine imkan tan\u0131yan h\u00fck\u00fcm bulunmayan \u015firketlerin, bu d\u00f6nemde ger\u00e7ekle\u015ftirmeyi planlad\u0131klar\u0131 toplant\u0131lar\u0131 \u201cElektronik Genel Kurul Toplant\u0131 Sistemi\u201d ve \u201cElektronik Y\u00f6netim Kurulu Sistemi\u201d \u00fczerinden ger\u00e7ekle\u015ftirilebilmelerine y\u00f6nelik tedbir al\u0131nm\u0131\u015ft\u0131r.<\/li>\n<\/ol>\n<p>Kanun\u2019un, 1527\u2019nci maddesi 1\u2019inci f\u0131kras\u0131;<\/p>\n<p><i>\u2018\u2019\u015eirket s\u00f6zle\u015fmesinde veya esas s\u00f6zle\u015fmede d\u00fczenlenmi\u015f olmas\u0131 \u015fart\u0131yla, sermaye \u015firketlerinde y\u00f6netim kurulu ve m\u00fcd\u00fcrler kurulu tamamen elektronik ortamda yap\u0131labilece\u011fi gibi, baz\u0131 \u00fcyelerin fiziken mevcut bulunduklar\u0131 bir toplant\u0131ya bir k\u0131s\u0131m \u00fcyelerin elektronik ortamda kat\u0131lmas\u0131 yoluyla da icra edilebilir. Bu h\u00e2llerde Kanunda veya \u015firket s\u00f6zle\u015fmesinde ve esas s\u00f6zle\u015fmede \u00f6ng\u00f6r\u00fclen toplant\u0131 ile karar nisaplar\u0131na ili\u015fkin h\u00fck\u00fcmler aynen uygulan\u0131r<\/i><i>.<\/i><i>\u2019\u2019 <\/i>\u015feklinde olup, bu a\u00e7\u0131klama ile birlikte Kanun h\u00fckm\u00fcn\u00fcn istisnas\u0131 olu\u015fturulmu\u015ftur.<\/p>\n<p>\u015eirketlerin bu imkandan Merkezi Kay\u0131t Kurulu\u015fu Anonim \u015eirketinden destek<span class=\"Apple-converted-space\">\u00a0 <\/span>hizmeti almak suretiyle ve hak sahiplerine elektronik ortamda kat\u0131lma imkan\u0131n\u0131n sa\u011flanmas\u0131 zorunlulu\u011funu ortadan kald\u0131rmayacak \u015fekilde yararlanmalar\u0131 gerekmekte olup, \u015firketlerce elektronik ortamda kurul ger\u00e7ekle\u015ftirilmesine imkan tan\u0131yan h\u00fckme ili\u015fkin s\u00f6zle\u015fme de\u011fi\u015fikli\u011finin bundan sonra yap\u0131lacak ilk genel kurul toplant\u0131s\u0131nda ger\u00e7ekle\u015ftirilmesi imkan\u0131 tan\u0131nm\u0131\u015ft\u0131r.<\/p>\n<ul>\n<li>Bu karar ile birlikte, \u015firket esas s\u00f6zle\u015fmesinde elektronik ortamda toplant\u0131 yap\u0131labilece\u011fine dair h\u00fck\u00fcm olan \u015firketlere, bu \u015fekilde toplant\u0131 ger\u00e7ekle\u015ftirmeleri tavsiye edilmi\u015ftir.<\/li>\n<\/ul>\n<p>\u27a2Ek olarak, \u015firket pay sahiplerinin elektronik ortamda toplant\u0131 ger\u00e7ekle\u015ftirmesine ili\u015fkin de\u011ferlendirmeler yap\u0131lm\u0131\u015f olup, \u015firket esas s\u00f6zle\u015fmesinde bu hususa ili\u015fkin h\u00fck\u00fcm olmasa dahi \u015firketlerin elektronik ortamda toplant\u0131 yapabilece\u011fine karar verilmi\u015ftir. Ayr\u0131ca, \u015firket esas s\u00f6zle\u015fmesinde elektronik ortamda toplant\u0131 yap\u0131labilece\u011fine dair h\u00fck\u00fcm yer almayan \u015firketlere, ger\u00e7ekle\u015fecek ilk genel kurul toplant\u0131s\u0131nda bu hususa ili\u015fkin karar alma imkan\u0131tan\u0131nm\u0131\u015ft\u0131r.<\/p>\n<ul>\n<li>Bahse konu tavsiyeler \u00e7er\u00e7evesinde, Ticaret Genel M\u00fcd\u00fcrl\u00fc\u011f\u00fc vezne hizmetlerine y\u00f6nelik olarak al\u0131nan tedbirlere; <a href=\"https:\/\/www.ticaretsicil.gov.tr\/view\/popup\/koronavirus.png\">https:\/\/www.ticaretsicil.gov.tr\/view\/popup\/koronavirus.png<\/a> linki ile ula\u015f\u0131labilmektedir.<\/li>\n<\/ul>\n","protected":false},"excerpt":{"rendered":"<p>\u015e\u0130RKET OLA\u011eAN GENEL KURUL TOPLANTILARI \u015eirket ola\u011fan genel kurul toplant\u0131lar\u0131; \u015firket organlar\u0131n\u0131n se\u00e7imine, finansal tablolara, y\u00f6netim kurulunun y\u0131ll\u0131k faaliyet raporuna, kar\u0131n kullan\u0131m \u015fekline, da\u011f\u0131t\u0131lacak kar ve kazan\u00e7 paylar\u0131n\u0131n oranlar\u0131n\u0131n\u00a0 belirlenmesine,\u00a0 y\u00f6netim\u00a0 kurulu\u00a0 \u00fcyelerinin ibralar\u0131 ile faaliyet d\u00f6nemlerini ilgilendiren ve gerekli [&hellip;]<\/p>\n","protected":false},"author":1,"featured_media":836,"comment_status":"open","ping_status":"open","sticky":false,"template":"","format":"standard","meta":{"footnotes":""},"categories":[27],"tags":[],"class_list":["post-835","post","type-post","status-publish","format-standard","has-post-thumbnail","hentry","category-commercial-and-corporate-law"],"yoast_head":"<!-- This site is optimized with the Yoast SEO plugin v25.4 - https:\/\/yoast.com\/wordpress\/plugins\/seo\/ -->\n<title>Koronavir\u00fcs Sebebiyle \u015eirketlerin Genel Kurul Toplant\u0131lar\u0131n\u0131n Ertelenmesi | Narter &amp; Partners<\/title>\n<meta name=\"robots\" content=\"index, follow, max-snippet:-1, max-image-preview:large, max-video-preview:-1\" \/>\n<link rel=\"canonical\" href=\"https:\/\/www.narterlaw.com\/en\/koronavirus-sebebiyle-sirketlerin-genel-kurul-toplantilarinin-ertelenmesi\/\" \/>\n<meta property=\"og:locale\" content=\"en_US\" \/>\n<meta property=\"og:type\" content=\"article\" \/>\n<meta property=\"og:title\" content=\"Koronavir\u00fcs Sebebiyle \u015eirketlerin Genel Kurul Toplant\u0131lar\u0131n\u0131n Ertelenmesi | Narter &amp; Partners\" \/>\n<meta property=\"og:description\" content=\"\u015e\u0130RKET OLA\u011eAN GENEL KURUL TOPLANTILARI \u015eirket ola\u011fan genel kurul toplant\u0131lar\u0131; \u015firket organlar\u0131n\u0131n se\u00e7imine, finansal tablolara, y\u00f6netim kurulunun y\u0131ll\u0131k faaliyet raporuna, kar\u0131n kullan\u0131m \u015fekline, da\u011f\u0131t\u0131lacak kar ve kazan\u00e7 paylar\u0131n\u0131n oranlar\u0131n\u0131n\u00a0 belirlenmesine,\u00a0 y\u00f6netim\u00a0 kurulu\u00a0 \u00fcyelerinin ibralar\u0131 ile faaliyet d\u00f6nemlerini ilgilendiren ve gerekli [&hellip;]\" \/>\n<meta property=\"og:url\" content=\"https:\/\/www.narterlaw.com\/en\/koronavirus-sebebiyle-sirketlerin-genel-kurul-toplantilarinin-ertelenmesi\/\" \/>\n<meta property=\"og:site_name\" content=\"Narter &amp; Partners\" \/>\n<meta property=\"article:published_time\" content=\"2020-03-24T21:04:41+00:00\" \/>\n<meta property=\"og:image\" content=\"https:\/\/www.narterlaw.com\/wp-content\/uploads\/2020\/03\/bilginot_390.png\" \/>\n\t<meta property=\"og:image:width\" content=\"1023\" \/>\n\t<meta property=\"og:image:height\" content=\"518\" \/>\n\t<meta property=\"og:image:type\" content=\"image\/png\" \/>\n<meta name=\"author\" content=\"admin\" \/>\n<meta name=\"twitter:card\" content=\"summary_large_image\" \/>\n<meta name=\"twitter:label1\" content=\"Written by\" \/>\n\t<meta name=\"twitter:data1\" content=\"admin\" \/>\n\t<meta name=\"twitter:label2\" content=\"Est. reading time\" \/>\n\t<meta name=\"twitter:data2\" content=\"4 minutes\" \/>\n<script type=\"application\/ld+json\" class=\"yoast-schema-graph\">{\"@context\":\"https:\/\/schema.org\",\"@graph\":[{\"@type\":\"Article\",\"@id\":\"https:\/\/www.narterlaw.com\/en\/koronavirus-sebebiyle-sirketlerin-genel-kurul-toplantilarinin-ertelenmesi\/#article\",\"isPartOf\":{\"@id\":\"https:\/\/www.narterlaw.com\/en\/koronavirus-sebebiyle-sirketlerin-genel-kurul-toplantilarinin-ertelenmesi\/\"},\"author\":{\"name\":\"admin\",\"@id\":\"https:\/\/www.narterlaw.com\/#\/schema\/person\/669f761d161a26a6776d10c1db0f5f24\"},\"headline\":\"Koronavir\u00fcs Sebebiyle \u015eirketlerin Genel Kurul Toplant\u0131lar\u0131n\u0131n Ertelenmesi\",\"datePublished\":\"2020-03-24T21:04:41+00:00\",\"mainEntityOfPage\":{\"@id\":\"https:\/\/www.narterlaw.com\/en\/koronavirus-sebebiyle-sirketlerin-genel-kurul-toplantilarinin-ertelenmesi\/\"},\"wordCount\":808,\"commentCount\":0,\"publisher\":{\"@id\":\"https:\/\/www.narterlaw.com\/#organization\"},\"image\":{\"@id\":\"https:\/\/www.narterlaw.com\/en\/koronavirus-sebebiyle-sirketlerin-genel-kurul-toplantilarinin-ertelenmesi\/#primaryimage\"},\"thumbnailUrl\":\"https:\/\/www.narterlaw.com\/wp-content\/uploads\/2020\/03\/bilginot_390.png\",\"articleSection\":[\"Commercial and Corporate Law\"],\"inLanguage\":\"en-US\",\"potentialAction\":[{\"@type\":\"CommentAction\",\"name\":\"Comment\",\"target\":[\"https:\/\/www.narterlaw.com\/en\/koronavirus-sebebiyle-sirketlerin-genel-kurul-toplantilarinin-ertelenmesi\/#respond\"]}]},{\"@type\":\"WebPage\",\"@id\":\"https:\/\/www.narterlaw.com\/en\/koronavirus-sebebiyle-sirketlerin-genel-kurul-toplantilarinin-ertelenmesi\/\",\"url\":\"https:\/\/www.narterlaw.com\/en\/koronavirus-sebebiyle-sirketlerin-genel-kurul-toplantilarinin-ertelenmesi\/\",\"name\":\"Koronavir\u00fcs Sebebiyle \u015eirketlerin Genel Kurul Toplant\u0131lar\u0131n\u0131n Ertelenmesi | Narter &amp; Partners\",\"isPartOf\":{\"@id\":\"https:\/\/www.narterlaw.com\/#website\"},\"primaryImageOfPage\":{\"@id\":\"https:\/\/www.narterlaw.com\/en\/koronavirus-sebebiyle-sirketlerin-genel-kurul-toplantilarinin-ertelenmesi\/#primaryimage\"},\"image\":{\"@id\":\"https:\/\/www.narterlaw.com\/en\/koronavirus-sebebiyle-sirketlerin-genel-kurul-toplantilarinin-ertelenmesi\/#primaryimage\"},\"thumbnailUrl\":\"https:\/\/www.narterlaw.com\/wp-content\/uploads\/2020\/03\/bilginot_390.png\",\"datePublished\":\"2020-03-24T21:04:41+00:00\",\"breadcrumb\":{\"@id\":\"https:\/\/www.narterlaw.com\/en\/koronavirus-sebebiyle-sirketlerin-genel-kurul-toplantilarinin-ertelenmesi\/#breadcrumb\"},\"inLanguage\":\"en-US\",\"potentialAction\":[{\"@type\":\"ReadAction\",\"target\":[\"https:\/\/www.narterlaw.com\/en\/koronavirus-sebebiyle-sirketlerin-genel-kurul-toplantilarinin-ertelenmesi\/\"]}]},{\"@type\":\"ImageObject\",\"inLanguage\":\"en-US\",\"@id\":\"https:\/\/www.narterlaw.com\/en\/koronavirus-sebebiyle-sirketlerin-genel-kurul-toplantilarinin-ertelenmesi\/#primaryimage\",\"url\":\"https:\/\/www.narterlaw.com\/wp-content\/uploads\/2020\/03\/bilginot_390.png\",\"contentUrl\":\"https:\/\/www.narterlaw.com\/wp-content\/uploads\/2020\/03\/bilginot_390.png\",\"width\":1023,\"height\":518},{\"@type\":\"BreadcrumbList\",\"@id\":\"https:\/\/www.narterlaw.com\/en\/koronavirus-sebebiyle-sirketlerin-genel-kurul-toplantilarinin-ertelenmesi\/#breadcrumb\",\"itemListElement\":[{\"@type\":\"ListItem\",\"position\":1,\"name\":\"Anasayfa\",\"item\":\"https:\/\/www.narterlaw.com\/en\/\"},{\"@type\":\"ListItem\",\"position\":2,\"name\":\"Koronavir\u00fcs Sebebiyle \u015eirketlerin Genel Kurul Toplant\u0131lar\u0131n\u0131n Ertelenmesi\"}]},{\"@type\":\"WebSite\",\"@id\":\"https:\/\/www.narterlaw.com\/#website\",\"url\":\"https:\/\/www.narterlaw.com\/\",\"name\":\"Narter &amp; Partners\",\"description\":\"Narter &amp; Partners\",\"publisher\":{\"@id\":\"https:\/\/www.narterlaw.com\/#organization\"},\"potentialAction\":[{\"@type\":\"SearchAction\",\"target\":{\"@type\":\"EntryPoint\",\"urlTemplate\":\"https:\/\/www.narterlaw.com\/?s={search_term_string}\"},\"query-input\":{\"@type\":\"PropertyValueSpecification\",\"valueRequired\":true,\"valueName\":\"search_term_string\"}}],\"inLanguage\":\"en-US\"},{\"@type\":\"Organization\",\"@id\":\"https:\/\/www.narterlaw.com\/#organization\",\"name\":\"narterlaw\",\"url\":\"https:\/\/www.narterlaw.com\/\",\"logo\":{\"@type\":\"ImageObject\",\"inLanguage\":\"en-US\",\"@id\":\"https:\/\/www.narterlaw.com\/#\/schema\/logo\/image\/\",\"url\":\"https:\/\/www.narterlaw.com\/wp-content\/uploads\/2020\/05\/narterpartners-logo.png\",\"contentUrl\":\"https:\/\/www.narterlaw.com\/wp-content\/uploads\/2020\/05\/narterpartners-logo.png\",\"width\":132,\"height\":50,\"caption\":\"narterlaw\"},\"image\":{\"@id\":\"https:\/\/www.narterlaw.com\/#\/schema\/logo\/image\/\"}},{\"@type\":\"Person\",\"@id\":\"https:\/\/www.narterlaw.com\/#\/schema\/person\/669f761d161a26a6776d10c1db0f5f24\",\"name\":\"admin\",\"image\":{\"@type\":\"ImageObject\",\"inLanguage\":\"en-US\",\"@id\":\"https:\/\/www.narterlaw.com\/#\/schema\/person\/image\/\",\"url\":\"https:\/\/secure.gravatar.com\/avatar\/ca62748feb9a0364b7dcad459815128c?s=96&d=mm&r=g\",\"contentUrl\":\"https:\/\/secure.gravatar.com\/avatar\/ca62748feb9a0364b7dcad459815128c?s=96&d=mm&r=g\",\"caption\":\"admin\"},\"sameAs\":[\"http:\/\/narter.korkutads.com\"]}]}<\/script>\n<!-- \/ Yoast SEO plugin. -->","yoast_head_json":{"title":"Koronavir\u00fcs Sebebiyle \u015eirketlerin Genel Kurul Toplant\u0131lar\u0131n\u0131n Ertelenmesi | Narter &amp; Partners","robots":{"index":"index","follow":"follow","max-snippet":"max-snippet:-1","max-image-preview":"max-image-preview:large","max-video-preview":"max-video-preview:-1"},"canonical":"https:\/\/www.narterlaw.com\/en\/koronavirus-sebebiyle-sirketlerin-genel-kurul-toplantilarinin-ertelenmesi\/","og_locale":"en_US","og_type":"article","og_title":"Koronavir\u00fcs Sebebiyle \u015eirketlerin Genel Kurul Toplant\u0131lar\u0131n\u0131n Ertelenmesi | Narter &amp; Partners","og_description":"\u015e\u0130RKET OLA\u011eAN GENEL KURUL TOPLANTILARI \u015eirket ola\u011fan genel kurul toplant\u0131lar\u0131; \u015firket organlar\u0131n\u0131n se\u00e7imine, finansal tablolara, y\u00f6netim kurulunun y\u0131ll\u0131k faaliyet raporuna, kar\u0131n kullan\u0131m \u015fekline, da\u011f\u0131t\u0131lacak kar ve kazan\u00e7 paylar\u0131n\u0131n oranlar\u0131n\u0131n\u00a0 belirlenmesine,\u00a0 y\u00f6netim\u00a0 kurulu\u00a0 \u00fcyelerinin ibralar\u0131 ile faaliyet d\u00f6nemlerini ilgilendiren ve gerekli [&hellip;]","og_url":"https:\/\/www.narterlaw.com\/en\/koronavirus-sebebiyle-sirketlerin-genel-kurul-toplantilarinin-ertelenmesi\/","og_site_name":"Narter &amp; Partners","article_published_time":"2020-03-24T21:04:41+00:00","og_image":[{"width":1023,"height":518,"url":"https:\/\/www.narterlaw.com\/wp-content\/uploads\/2020\/03\/bilginot_390.png","type":"image\/png"}],"author":"admin","twitter_card":"summary_large_image","twitter_misc":{"Written by":"admin","Est. reading time":"4 minutes"},"schema":{"@context":"https:\/\/schema.org","@graph":[{"@type":"Article","@id":"https:\/\/www.narterlaw.com\/en\/koronavirus-sebebiyle-sirketlerin-genel-kurul-toplantilarinin-ertelenmesi\/#article","isPartOf":{"@id":"https:\/\/www.narterlaw.com\/en\/koronavirus-sebebiyle-sirketlerin-genel-kurul-toplantilarinin-ertelenmesi\/"},"author":{"name":"admin","@id":"https:\/\/www.narterlaw.com\/#\/schema\/person\/669f761d161a26a6776d10c1db0f5f24"},"headline":"Koronavir\u00fcs Sebebiyle \u015eirketlerin Genel Kurul Toplant\u0131lar\u0131n\u0131n Ertelenmesi","datePublished":"2020-03-24T21:04:41+00:00","mainEntityOfPage":{"@id":"https:\/\/www.narterlaw.com\/en\/koronavirus-sebebiyle-sirketlerin-genel-kurul-toplantilarinin-ertelenmesi\/"},"wordCount":808,"commentCount":0,"publisher":{"@id":"https:\/\/www.narterlaw.com\/#organization"},"image":{"@id":"https:\/\/www.narterlaw.com\/en\/koronavirus-sebebiyle-sirketlerin-genel-kurul-toplantilarinin-ertelenmesi\/#primaryimage"},"thumbnailUrl":"https:\/\/www.narterlaw.com\/wp-content\/uploads\/2020\/03\/bilginot_390.png","articleSection":["Commercial and Corporate Law"],"inLanguage":"en-US","potentialAction":[{"@type":"CommentAction","name":"Comment","target":["https:\/\/www.narterlaw.com\/en\/koronavirus-sebebiyle-sirketlerin-genel-kurul-toplantilarinin-ertelenmesi\/#respond"]}]},{"@type":"WebPage","@id":"https:\/\/www.narterlaw.com\/en\/koronavirus-sebebiyle-sirketlerin-genel-kurul-toplantilarinin-ertelenmesi\/","url":"https:\/\/www.narterlaw.com\/en\/koronavirus-sebebiyle-sirketlerin-genel-kurul-toplantilarinin-ertelenmesi\/","name":"Koronavir\u00fcs Sebebiyle \u015eirketlerin Genel Kurul Toplant\u0131lar\u0131n\u0131n Ertelenmesi | Narter &amp; Partners","isPartOf":{"@id":"https:\/\/www.narterlaw.com\/#website"},"primaryImageOfPage":{"@id":"https:\/\/www.narterlaw.com\/en\/koronavirus-sebebiyle-sirketlerin-genel-kurul-toplantilarinin-ertelenmesi\/#primaryimage"},"image":{"@id":"https:\/\/www.narterlaw.com\/en\/koronavirus-sebebiyle-sirketlerin-genel-kurul-toplantilarinin-ertelenmesi\/#primaryimage"},"thumbnailUrl":"https:\/\/www.narterlaw.com\/wp-content\/uploads\/2020\/03\/bilginot_390.png","datePublished":"2020-03-24T21:04:41+00:00","breadcrumb":{"@id":"https:\/\/www.narterlaw.com\/en\/koronavirus-sebebiyle-sirketlerin-genel-kurul-toplantilarinin-ertelenmesi\/#breadcrumb"},"inLanguage":"en-US","potentialAction":[{"@type":"ReadAction","target":["https:\/\/www.narterlaw.com\/en\/koronavirus-sebebiyle-sirketlerin-genel-kurul-toplantilarinin-ertelenmesi\/"]}]},{"@type":"ImageObject","inLanguage":"en-US","@id":"https:\/\/www.narterlaw.com\/en\/koronavirus-sebebiyle-sirketlerin-genel-kurul-toplantilarinin-ertelenmesi\/#primaryimage","url":"https:\/\/www.narterlaw.com\/wp-content\/uploads\/2020\/03\/bilginot_390.png","contentUrl":"https:\/\/www.narterlaw.com\/wp-content\/uploads\/2020\/03\/bilginot_390.png","width":1023,"height":518},{"@type":"BreadcrumbList","@id":"https:\/\/www.narterlaw.com\/en\/koronavirus-sebebiyle-sirketlerin-genel-kurul-toplantilarinin-ertelenmesi\/#breadcrumb","itemListElement":[{"@type":"ListItem","position":1,"name":"Anasayfa","item":"https:\/\/www.narterlaw.com\/en\/"},{"@type":"ListItem","position":2,"name":"Koronavir\u00fcs Sebebiyle \u015eirketlerin Genel Kurul Toplant\u0131lar\u0131n\u0131n Ertelenmesi"}]},{"@type":"WebSite","@id":"https:\/\/www.narterlaw.com\/#website","url":"https:\/\/www.narterlaw.com\/","name":"Narter &amp; Partners","description":"Narter &amp; Partners","publisher":{"@id":"https:\/\/www.narterlaw.com\/#organization"},"potentialAction":[{"@type":"SearchAction","target":{"@type":"EntryPoint","urlTemplate":"https:\/\/www.narterlaw.com\/?s={search_term_string}"},"query-input":{"@type":"PropertyValueSpecification","valueRequired":true,"valueName":"search_term_string"}}],"inLanguage":"en-US"},{"@type":"Organization","@id":"https:\/\/www.narterlaw.com\/#organization","name":"narterlaw","url":"https:\/\/www.narterlaw.com\/","logo":{"@type":"ImageObject","inLanguage":"en-US","@id":"https:\/\/www.narterlaw.com\/#\/schema\/logo\/image\/","url":"https:\/\/www.narterlaw.com\/wp-content\/uploads\/2020\/05\/narterpartners-logo.png","contentUrl":"https:\/\/www.narterlaw.com\/wp-content\/uploads\/2020\/05\/narterpartners-logo.png","width":132,"height":50,"caption":"narterlaw"},"image":{"@id":"https:\/\/www.narterlaw.com\/#\/schema\/logo\/image\/"}},{"@type":"Person","@id":"https:\/\/www.narterlaw.com\/#\/schema\/person\/669f761d161a26a6776d10c1db0f5f24","name":"admin","image":{"@type":"ImageObject","inLanguage":"en-US","@id":"https:\/\/www.narterlaw.com\/#\/schema\/person\/image\/","url":"https:\/\/secure.gravatar.com\/avatar\/ca62748feb9a0364b7dcad459815128c?s=96&d=mm&r=g","contentUrl":"https:\/\/secure.gravatar.com\/avatar\/ca62748feb9a0364b7dcad459815128c?s=96&d=mm&r=g","caption":"admin"},"sameAs":["http:\/\/narter.korkutads.com"]}]}},"_links":{"self":[{"href":"https:\/\/www.narterlaw.com\/en\/wp-json\/wp\/v2\/posts\/835","targetHints":{"allow":["GET"]}}],"collection":[{"href":"https:\/\/www.narterlaw.com\/en\/wp-json\/wp\/v2\/posts"}],"about":[{"href":"https:\/\/www.narterlaw.com\/en\/wp-json\/wp\/v2\/types\/post"}],"author":[{"embeddable":true,"href":"https:\/\/www.narterlaw.com\/en\/wp-json\/wp\/v2\/users\/1"}],"replies":[{"embeddable":true,"href":"https:\/\/www.narterlaw.com\/en\/wp-json\/wp\/v2\/comments?post=835"}],"version-history":[{"count":0,"href":"https:\/\/www.narterlaw.com\/en\/wp-json\/wp\/v2\/posts\/835\/revisions"}],"wp:featuredmedia":[{"embeddable":true,"href":"https:\/\/www.narterlaw.com\/en\/wp-json\/wp\/v2\/media\/836"}],"wp:attachment":[{"href":"https:\/\/www.narterlaw.com\/en\/wp-json\/wp\/v2\/media?parent=835"}],"wp:term":[{"taxonomy":"category","embeddable":true,"href":"https:\/\/www.narterlaw.com\/en\/wp-json\/wp\/v2\/categories?post=835"},{"taxonomy":"post_tag","embeddable":true,"href":"https:\/\/www.narterlaw.com\/en\/wp-json\/wp\/v2\/tags?post=835"}],"curies":[{"name":"wp","href":"https:\/\/api.w.org\/{rel}","templated":true}]}}