{"id":823,"date":"2020-04-03T01:09:07","date_gmt":"2020-04-02T22:09:07","guid":{"rendered":"https:\/\/www.narterlaw.com\/koronavirus-salgini-nedeniyle-sigorta-primlerinin-ertelenmesine-iliskin-bilgilendirme-notu\/"},"modified":"2020-04-03T01:09:07","modified_gmt":"2020-04-02T22:09:07","slug":"koronavirus-salgini-nedeniyle-sigorta-primlerinin-ertelenmesine-iliskin-bilgilendirme-notu","status":"publish","type":"post","link":"https:\/\/www.narterlaw.com\/en\/koronavirus-salgini-nedeniyle-sigorta-primlerinin-ertelenmesine-iliskin-bilgilendirme-notu\/","title":{"rendered":"Koronavir\u00fcs Salg\u0131n\u0131 Nedeniyle Sigorta Primlerinin Ertelenmesine \u0130li\u015fkin Bilgilendirme Notu"},"content":{"rendered":"<p>Koronavir\u00fcs (COVID-19); t\u00fcm d\u00fcnya \u00e7ap\u0131nda insan sa\u011fl\u0131\u011f\u0131n\u0131 \u00f6nemli \u00f6l\u00e7\u00fcde tehdit eden ve \u00f6l\u00fcmlere yol a\u00e7an bir hastal\u0131k olarak g\u00fcndemde yer almaktad\u0131r. Bu nedenle, Hazine ve Maliye Bakanl\u0131\u011f\u0131 taraf\u0131ndan 24.03.2020 tarihli 31078 say\u0131l\u0131 m\u00fckerrer Resmi Gazetede yay\u0131mlanan Vergi Usul Kanunu Genel Tebli\u011fi kapsam\u0131nda 01.04.2020 tarihinden 30.06.2020 tarihine kadar baz\u0131 m\u00fckelleflerin m\u00fccbir sebep halinde oldu\u011fu kabul edilmi\u015f ve bu m\u00fckelleflerin 2020 y\u0131l\u0131na ait Mart, Nisan, May\u0131s aylar\u0131na ait sigorta primlerinin \u00f6deme s\u00fcreleri ertelenmi\u015ftir. T.C. Sosyal G\u00fcvenlik Kurumu Ba\u015fkanl\u0131\u011f\u0131 02.04. 2020 tarihinde sigorta prim \u00f6demelerinin ertelenmesine ili\u015fkin bir duyuru <b>(\u201cDuyuru\u201d) <\/b>yay\u0131nlam\u0131\u015ft\u0131r.<\/p>\n<p>\u0130\u015fbu Duyuru \u00e7er\u00e7evesinde,<\/p>\n<ul>\n<li>COVID-19 salg\u0131n\u0131ndan do\u011frudan etkilenen ve al\u0131\u015fveri\u015f merkezleri dahil perakende, sa\u011fl\u0131k hizmetleri, mobilya imalat\u0131, demir \u00e7elik ve metal sanayii, madencilik ve ta\u015f ocak\u00e7\u0131l\u0131\u011f\u0131, bina in\u015faat hizmetleri, end\u00fcstriyel mutfak<span class=\"Apple-converted-space\">\u00a0 <\/span>imalat\u0131, otomotiv imalat\u0131 ve ticareti ile otomotiv sanayii i\u00e7in par\u00e7a ve aksesuar imalat\u0131, ara\u00e7 kiralama, depolama faaliyetleri dahil lojistik ve ula\u015f\u0131m, sinema ve tiyatro gibi sanatsal hizmetler, matbaac\u0131l\u0131k dahil kitap, gazete, dergi ve<span class=\"Apple-converted-space\">\u00a0 <\/span>benzeri bas\u0131l\u0131 \u00fcr\u00fcnlerin yay\u0131mc\u0131l\u0131k faaliyetleri, tur operat\u00f6rleri ve seyahat acenteleri dahil konaklama faaliyetleri, lokanta, k\u0131raathane dahil yiyecek ve i\u00e7ecek hizmetleri, tekstil ve konfeksiyon imalat\u0131 ve ticareti, halkla ili\u015fkiler dahil etkinlik ve organizasyon hizmetleri sekt\u00f6rlerinde faaliyette bulunan m\u00fckellefler, ana faaliyet alan\u0131 itibar\u0131yla i\u00e7i\u015fleri bakanl\u0131\u011f\u0131nca al\u0131nan tedbirler kapsam\u0131nda ge\u00e7ici s\u00fcreli\u011fine faaliyetlerine ara verilmesine karar verilen i\u015fyerlerinin bulundu\u011fu sekt\u00f6rlerde faaliyette bulunan m\u00fckelleflere ait, i\u015f yerlerinde sigortal\u0131 \u00e7al\u0131\u015ft\u0131ran \u00f6zel sekt\u00f6r i\u015fverenler,<\/li>\n<\/ul>\n<ul>\n<li>Ana faaliyet alanlar\u0131 itibar\u0131yla m\u00fccbir sebep halinde oldu\u011fu kabul edilen; anonim \u015firketlerin y\u00f6netim kurulu \u00fcyesi olan ortaklar\u0131, sermayesi paylara b\u00f6l\u00fcnm\u00fc\u015f komandit \u015firketlerin komandite ortaklar\u0131, di\u011fer \u015firket ve donatma i\u015ftiraklerinin ise t\u00fcm ortaklar\u0131ndan Ba\u011f-Kur sigortal\u0131s\u0131 olanlar<\/li>\n<\/ul>\n<p>faydalanabilecektir.<\/p>\n<ul>\n<li>2020 Mart ay\u0131na ait sigorta primlerinin \u00f6deme s\u00fcresi <b>02.11.2020<\/b><b> <\/b><b>tarihine,<\/b><\/li>\n<li>2020 Nisan ay\u0131na ait sigorta primlerinin \u00f6deme s\u00fcresi <b>30.11.2020<\/b><b> <\/b><b>tarihine,<\/b><\/li>\n<\/ul>\n<ul>\n<li>2020 May\u0131s ay\u0131na ait sigorta primlerinin \u00f6deme s\u00fcresi <b>31.12.2020<\/b><\/li>\n<\/ul>\n<p>tarihine kadar ertelenmi\u015ftir.<\/p>\n<p>Erteleme nedeniyle gecikme cezas\u0131 ve gecikme zamm\u0131 uygulanmayacakt\u0131r.<\/p>\n<p>Ayr\u0131ca, \u0130\u00e7i\u015fleri Bakanl\u0131\u011f\u0131nca al\u0131nan tedbirler uyar\u0131nca 65 ya\u015f\u0131n\u0131 doldurmu\u015f veya kronik rahats\u0131zl\u0131\u011f\u0131 bulunmas\u0131 nedeniyle soka\u011fa \u00e7\u0131kma yasa\u011f\u0131 kapsam\u0131na giren<span class=\"Apple-converted-space\">\u00a0 <\/span>ger\u00e7ek ki\u015fi i\u015fverenler ile iste\u011fe ba\u011fl\u0131 sigortal\u0131lar hari\u00e7 5510 say\u0131l\u0131 Sosyal Sigortalar ve Genel Sa\u011fl\u0131k Sigortas\u0131 Kanunun 4. maddesinin 1. f\u0131kras\u0131n\u0131n (b) bendi kapsam\u0131ndaki sigortal\u0131lardan;<\/p>\n<ul>\n<li>22\/03\/2020 tarihi ile m\u00fccbir sebep d\u00f6neminin sonuna kadar 65 ya\u015f\u0131n\u0131 doldurmu\u015f olanlar\u0131n,<\/li>\n<\/ul>\n<ul>\n<li>Kronik rahats\u0131zl\u0131\u011f\u0131n\u0131 sa\u011fl\u0131k kurulu\u015flar\u0131ndan al\u0131nacak muteber belgelerle ispat ve tevsik edenlerin,<\/li>\n<\/ul>\n<p>m\u00fccbir sebep d\u00f6nemi boyunca tahakkuk edecek sigorta primleri, soka\u011fa \u00e7\u0131kma yasa\u011f\u0131n\u0131n sona erece\u011fi g\u00fcn\u00fc takip eden 15. g\u00fcn\u00fcn sonuna kadar ertelenmi\u015ftir.<\/p>\n","protected":false},"excerpt":{"rendered":"<p>Koronavir\u00fcs (COVID-19); t\u00fcm d\u00fcnya \u00e7ap\u0131nda insan sa\u011fl\u0131\u011f\u0131n\u0131 \u00f6nemli \u00f6l\u00e7\u00fcde tehdit eden ve \u00f6l\u00fcmlere yol a\u00e7an bir hastal\u0131k olarak g\u00fcndemde yer almaktad\u0131r. Bu nedenle, Hazine ve Maliye Bakanl\u0131\u011f\u0131 taraf\u0131ndan 24.03.2020 tarihli 31078 say\u0131l\u0131 m\u00fckerrer Resmi Gazetede yay\u0131mlanan Vergi Usul Kanunu Genel [&hellip;]<\/p>\n","protected":false},"author":1,"featured_media":824,"comment_status":"open","ping_status":"open","sticky":false,"template":"","format":"standard","meta":{"footnotes":""},"categories":[31],"tags":[],"class_list":["post-823","post","type-post","status-publish","format-standard","has-post-thumbnail","hentry","category-labor-law"],"yoast_head":"<!-- This site is optimized with the Yoast SEO plugin v25.4 - https:\/\/yoast.com\/wordpress\/plugins\/seo\/ -->\n<title>Koronavir\u00fcs Salg\u0131n\u0131 Nedeniyle Sigorta Primlerinin Ertelenmesine \u0130li\u015fkin Bilgilendirme Notu | Narter &amp; Partners<\/title>\n<meta name=\"robots\" content=\"index, follow, max-snippet:-1, max-image-preview:large, max-video-preview:-1\" \/>\n<link rel=\"canonical\" href=\"https:\/\/www.narterlaw.com\/en\/koronavirus-salgini-nedeniyle-sigorta-primlerinin-ertelenmesine-iliskin-bilgilendirme-notu\/\" \/>\n<meta property=\"og:locale\" content=\"en_US\" \/>\n<meta property=\"og:type\" content=\"article\" \/>\n<meta property=\"og:title\" content=\"Koronavir\u00fcs Salg\u0131n\u0131 Nedeniyle Sigorta Primlerinin Ertelenmesine \u0130li\u015fkin Bilgilendirme Notu | Narter &amp; Partners\" \/>\n<meta property=\"og:description\" content=\"Koronavir\u00fcs (COVID-19); t\u00fcm d\u00fcnya \u00e7ap\u0131nda insan sa\u011fl\u0131\u011f\u0131n\u0131 \u00f6nemli \u00f6l\u00e7\u00fcde tehdit eden ve \u00f6l\u00fcmlere yol a\u00e7an bir hastal\u0131k olarak g\u00fcndemde yer almaktad\u0131r. Bu nedenle, Hazine ve Maliye Bakanl\u0131\u011f\u0131 taraf\u0131ndan 24.03.2020 tarihli 31078 say\u0131l\u0131 m\u00fckerrer Resmi Gazetede yay\u0131mlanan Vergi Usul Kanunu Genel [&hellip;]\" \/>\n<meta property=\"og:url\" content=\"https:\/\/www.narterlaw.com\/en\/koronavirus-salgini-nedeniyle-sigorta-primlerinin-ertelenmesine-iliskin-bilgilendirme-notu\/\" \/>\n<meta property=\"og:site_name\" content=\"Narter &amp; Partners\" \/>\n<meta property=\"article:published_time\" content=\"2020-04-02T22:09:07+00:00\" \/>\n<meta property=\"og:image\" content=\"https:\/\/www.narterlaw.com\/wp-content\/uploads\/2020\/04\/bilginot_409.png\" \/>\n\t<meta property=\"og:image:width\" content=\"1023\" \/>\n\t<meta property=\"og:image:height\" content=\"518\" \/>\n\t<meta property=\"og:image:type\" content=\"image\/png\" \/>\n<meta name=\"author\" content=\"admin\" \/>\n<meta name=\"twitter:card\" content=\"summary_large_image\" \/>\n<meta name=\"twitter:label1\" content=\"Written by\" \/>\n\t<meta name=\"twitter:data1\" content=\"admin\" \/>\n\t<meta name=\"twitter:label2\" content=\"Est. reading time\" \/>\n\t<meta name=\"twitter:data2\" content=\"3 minutes\" \/>\n<script type=\"application\/ld+json\" class=\"yoast-schema-graph\">{\"@context\":\"https:\/\/schema.org\",\"@graph\":[{\"@type\":\"Article\",\"@id\":\"https:\/\/www.narterlaw.com\/en\/koronavirus-salgini-nedeniyle-sigorta-primlerinin-ertelenmesine-iliskin-bilgilendirme-notu\/#article\",\"isPartOf\":{\"@id\":\"https:\/\/www.narterlaw.com\/en\/koronavirus-salgini-nedeniyle-sigorta-primlerinin-ertelenmesine-iliskin-bilgilendirme-notu\/\"},\"author\":{\"name\":\"admin\",\"@id\":\"https:\/\/www.narterlaw.com\/#\/schema\/person\/669f761d161a26a6776d10c1db0f5f24\"},\"headline\":\"Koronavir\u00fcs Salg\u0131n\u0131 Nedeniyle Sigorta Primlerinin Ertelenmesine \u0130li\u015fkin Bilgilendirme Notu\",\"datePublished\":\"2020-04-02T22:09:07+00:00\",\"mainEntityOfPage\":{\"@id\":\"https:\/\/www.narterlaw.com\/en\/koronavirus-salgini-nedeniyle-sigorta-primlerinin-ertelenmesine-iliskin-bilgilendirme-notu\/\"},\"wordCount\":517,\"commentCount\":0,\"publisher\":{\"@id\":\"https:\/\/www.narterlaw.com\/#organization\"},\"image\":{\"@id\":\"https:\/\/www.narterlaw.com\/en\/koronavirus-salgini-nedeniyle-sigorta-primlerinin-ertelenmesine-iliskin-bilgilendirme-notu\/#primaryimage\"},\"thumbnailUrl\":\"https:\/\/www.narterlaw.com\/wp-content\/uploads\/2020\/04\/bilginot_409.png\",\"articleSection\":[\"Labor Law\"],\"inLanguage\":\"en-US\",\"potentialAction\":[{\"@type\":\"CommentAction\",\"name\":\"Comment\",\"target\":[\"https:\/\/www.narterlaw.com\/en\/koronavirus-salgini-nedeniyle-sigorta-primlerinin-ertelenmesine-iliskin-bilgilendirme-notu\/#respond\"]}]},{\"@type\":\"WebPage\",\"@id\":\"https:\/\/www.narterlaw.com\/en\/koronavirus-salgini-nedeniyle-sigorta-primlerinin-ertelenmesine-iliskin-bilgilendirme-notu\/\",\"url\":\"https:\/\/www.narterlaw.com\/en\/koronavirus-salgini-nedeniyle-sigorta-primlerinin-ertelenmesine-iliskin-bilgilendirme-notu\/\",\"name\":\"Koronavir\u00fcs Salg\u0131n\u0131 Nedeniyle Sigorta Primlerinin Ertelenmesine \u0130li\u015fkin Bilgilendirme Notu | Narter &amp; Partners\",\"isPartOf\":{\"@id\":\"https:\/\/www.narterlaw.com\/#website\"},\"primaryImageOfPage\":{\"@id\":\"https:\/\/www.narterlaw.com\/en\/koronavirus-salgini-nedeniyle-sigorta-primlerinin-ertelenmesine-iliskin-bilgilendirme-notu\/#primaryimage\"},\"image\":{\"@id\":\"https:\/\/www.narterlaw.com\/en\/koronavirus-salgini-nedeniyle-sigorta-primlerinin-ertelenmesine-iliskin-bilgilendirme-notu\/#primaryimage\"},\"thumbnailUrl\":\"https:\/\/www.narterlaw.com\/wp-content\/uploads\/2020\/04\/bilginot_409.png\",\"datePublished\":\"2020-04-02T22:09:07+00:00\",\"breadcrumb\":{\"@id\":\"https:\/\/www.narterlaw.com\/en\/koronavirus-salgini-nedeniyle-sigorta-primlerinin-ertelenmesine-iliskin-bilgilendirme-notu\/#breadcrumb\"},\"inLanguage\":\"en-US\",\"potentialAction\":[{\"@type\":\"ReadAction\",\"target\":[\"https:\/\/www.narterlaw.com\/en\/koronavirus-salgini-nedeniyle-sigorta-primlerinin-ertelenmesine-iliskin-bilgilendirme-notu\/\"]}]},{\"@type\":\"ImageObject\",\"inLanguage\":\"en-US\",\"@id\":\"https:\/\/www.narterlaw.com\/en\/koronavirus-salgini-nedeniyle-sigorta-primlerinin-ertelenmesine-iliskin-bilgilendirme-notu\/#primaryimage\",\"url\":\"https:\/\/www.narterlaw.com\/wp-content\/uploads\/2020\/04\/bilginot_409.png\",\"contentUrl\":\"https:\/\/www.narterlaw.com\/wp-content\/uploads\/2020\/04\/bilginot_409.png\",\"width\":1023,\"height\":518},{\"@type\":\"BreadcrumbList\",\"@id\":\"https:\/\/www.narterlaw.com\/en\/koronavirus-salgini-nedeniyle-sigorta-primlerinin-ertelenmesine-iliskin-bilgilendirme-notu\/#breadcrumb\",\"itemListElement\":[{\"@type\":\"ListItem\",\"position\":1,\"name\":\"Anasayfa\",\"item\":\"https:\/\/www.narterlaw.com\/en\/\"},{\"@type\":\"ListItem\",\"position\":2,\"name\":\"Koronavir\u00fcs Salg\u0131n\u0131 Nedeniyle Sigorta Primlerinin Ertelenmesine \u0130li\u015fkin Bilgilendirme Notu\"}]},{\"@type\":\"WebSite\",\"@id\":\"https:\/\/www.narterlaw.com\/#website\",\"url\":\"https:\/\/www.narterlaw.com\/\",\"name\":\"Narter &amp; Partners\",\"description\":\"Narter &amp; Partners\",\"publisher\":{\"@id\":\"https:\/\/www.narterlaw.com\/#organization\"},\"potentialAction\":[{\"@type\":\"SearchAction\",\"target\":{\"@type\":\"EntryPoint\",\"urlTemplate\":\"https:\/\/www.narterlaw.com\/?s={search_term_string}\"},\"query-input\":{\"@type\":\"PropertyValueSpecification\",\"valueRequired\":true,\"valueName\":\"search_term_string\"}}],\"inLanguage\":\"en-US\"},{\"@type\":\"Organization\",\"@id\":\"https:\/\/www.narterlaw.com\/#organization\",\"name\":\"narterlaw\",\"url\":\"https:\/\/www.narterlaw.com\/\",\"logo\":{\"@type\":\"ImageObject\",\"inLanguage\":\"en-US\",\"@id\":\"https:\/\/www.narterlaw.com\/#\/schema\/logo\/image\/\",\"url\":\"https:\/\/www.narterlaw.com\/wp-content\/uploads\/2020\/05\/narterpartners-logo.png\",\"contentUrl\":\"https:\/\/www.narterlaw.com\/wp-content\/uploads\/2020\/05\/narterpartners-logo.png\",\"width\":132,\"height\":50,\"caption\":\"narterlaw\"},\"image\":{\"@id\":\"https:\/\/www.narterlaw.com\/#\/schema\/logo\/image\/\"}},{\"@type\":\"Person\",\"@id\":\"https:\/\/www.narterlaw.com\/#\/schema\/person\/669f761d161a26a6776d10c1db0f5f24\",\"name\":\"admin\",\"image\":{\"@type\":\"ImageObject\",\"inLanguage\":\"en-US\",\"@id\":\"https:\/\/www.narterlaw.com\/#\/schema\/person\/image\/\",\"url\":\"https:\/\/secure.gravatar.com\/avatar\/ca62748feb9a0364b7dcad459815128c?s=96&d=mm&r=g\",\"contentUrl\":\"https:\/\/secure.gravatar.com\/avatar\/ca62748feb9a0364b7dcad459815128c?s=96&d=mm&r=g\",\"caption\":\"admin\"},\"sameAs\":[\"http:\/\/narter.korkutads.com\"]}]}<\/script>\n<!-- \/ Yoast SEO plugin. -->","yoast_head_json":{"title":"Koronavir\u00fcs Salg\u0131n\u0131 Nedeniyle Sigorta Primlerinin Ertelenmesine \u0130li\u015fkin Bilgilendirme Notu | Narter &amp; Partners","robots":{"index":"index","follow":"follow","max-snippet":"max-snippet:-1","max-image-preview":"max-image-preview:large","max-video-preview":"max-video-preview:-1"},"canonical":"https:\/\/www.narterlaw.com\/en\/koronavirus-salgini-nedeniyle-sigorta-primlerinin-ertelenmesine-iliskin-bilgilendirme-notu\/","og_locale":"en_US","og_type":"article","og_title":"Koronavir\u00fcs Salg\u0131n\u0131 Nedeniyle Sigorta Primlerinin Ertelenmesine \u0130li\u015fkin Bilgilendirme Notu | Narter &amp; Partners","og_description":"Koronavir\u00fcs (COVID-19); t\u00fcm d\u00fcnya \u00e7ap\u0131nda insan sa\u011fl\u0131\u011f\u0131n\u0131 \u00f6nemli \u00f6l\u00e7\u00fcde tehdit eden ve \u00f6l\u00fcmlere yol a\u00e7an bir hastal\u0131k olarak g\u00fcndemde yer almaktad\u0131r. Bu nedenle, Hazine ve Maliye Bakanl\u0131\u011f\u0131 taraf\u0131ndan 24.03.2020 tarihli 31078 say\u0131l\u0131 m\u00fckerrer Resmi Gazetede yay\u0131mlanan Vergi Usul Kanunu Genel [&hellip;]","og_url":"https:\/\/www.narterlaw.com\/en\/koronavirus-salgini-nedeniyle-sigorta-primlerinin-ertelenmesine-iliskin-bilgilendirme-notu\/","og_site_name":"Narter &amp; Partners","article_published_time":"2020-04-02T22:09:07+00:00","og_image":[{"width":1023,"height":518,"url":"https:\/\/www.narterlaw.com\/wp-content\/uploads\/2020\/04\/bilginot_409.png","type":"image\/png"}],"author":"admin","twitter_card":"summary_large_image","twitter_misc":{"Written by":"admin","Est. reading time":"3 minutes"},"schema":{"@context":"https:\/\/schema.org","@graph":[{"@type":"Article","@id":"https:\/\/www.narterlaw.com\/en\/koronavirus-salgini-nedeniyle-sigorta-primlerinin-ertelenmesine-iliskin-bilgilendirme-notu\/#article","isPartOf":{"@id":"https:\/\/www.narterlaw.com\/en\/koronavirus-salgini-nedeniyle-sigorta-primlerinin-ertelenmesine-iliskin-bilgilendirme-notu\/"},"author":{"name":"admin","@id":"https:\/\/www.narterlaw.com\/#\/schema\/person\/669f761d161a26a6776d10c1db0f5f24"},"headline":"Koronavir\u00fcs Salg\u0131n\u0131 Nedeniyle Sigorta Primlerinin Ertelenmesine \u0130li\u015fkin Bilgilendirme Notu","datePublished":"2020-04-02T22:09:07+00:00","mainEntityOfPage":{"@id":"https:\/\/www.narterlaw.com\/en\/koronavirus-salgini-nedeniyle-sigorta-primlerinin-ertelenmesine-iliskin-bilgilendirme-notu\/"},"wordCount":517,"commentCount":0,"publisher":{"@id":"https:\/\/www.narterlaw.com\/#organization"},"image":{"@id":"https:\/\/www.narterlaw.com\/en\/koronavirus-salgini-nedeniyle-sigorta-primlerinin-ertelenmesine-iliskin-bilgilendirme-notu\/#primaryimage"},"thumbnailUrl":"https:\/\/www.narterlaw.com\/wp-content\/uploads\/2020\/04\/bilginot_409.png","articleSection":["Labor Law"],"inLanguage":"en-US","potentialAction":[{"@type":"CommentAction","name":"Comment","target":["https:\/\/www.narterlaw.com\/en\/koronavirus-salgini-nedeniyle-sigorta-primlerinin-ertelenmesine-iliskin-bilgilendirme-notu\/#respond"]}]},{"@type":"WebPage","@id":"https:\/\/www.narterlaw.com\/en\/koronavirus-salgini-nedeniyle-sigorta-primlerinin-ertelenmesine-iliskin-bilgilendirme-notu\/","url":"https:\/\/www.narterlaw.com\/en\/koronavirus-salgini-nedeniyle-sigorta-primlerinin-ertelenmesine-iliskin-bilgilendirme-notu\/","name":"Koronavir\u00fcs Salg\u0131n\u0131 Nedeniyle Sigorta Primlerinin Ertelenmesine \u0130li\u015fkin Bilgilendirme Notu | Narter &amp; Partners","isPartOf":{"@id":"https:\/\/www.narterlaw.com\/#website"},"primaryImageOfPage":{"@id":"https:\/\/www.narterlaw.com\/en\/koronavirus-salgini-nedeniyle-sigorta-primlerinin-ertelenmesine-iliskin-bilgilendirme-notu\/#primaryimage"},"image":{"@id":"https:\/\/www.narterlaw.com\/en\/koronavirus-salgini-nedeniyle-sigorta-primlerinin-ertelenmesine-iliskin-bilgilendirme-notu\/#primaryimage"},"thumbnailUrl":"https:\/\/www.narterlaw.com\/wp-content\/uploads\/2020\/04\/bilginot_409.png","datePublished":"2020-04-02T22:09:07+00:00","breadcrumb":{"@id":"https:\/\/www.narterlaw.com\/en\/koronavirus-salgini-nedeniyle-sigorta-primlerinin-ertelenmesine-iliskin-bilgilendirme-notu\/#breadcrumb"},"inLanguage":"en-US","potentialAction":[{"@type":"ReadAction","target":["https:\/\/www.narterlaw.com\/en\/koronavirus-salgini-nedeniyle-sigorta-primlerinin-ertelenmesine-iliskin-bilgilendirme-notu\/"]}]},{"@type":"ImageObject","inLanguage":"en-US","@id":"https:\/\/www.narterlaw.com\/en\/koronavirus-salgini-nedeniyle-sigorta-primlerinin-ertelenmesine-iliskin-bilgilendirme-notu\/#primaryimage","url":"https:\/\/www.narterlaw.com\/wp-content\/uploads\/2020\/04\/bilginot_409.png","contentUrl":"https:\/\/www.narterlaw.com\/wp-content\/uploads\/2020\/04\/bilginot_409.png","width":1023,"height":518},{"@type":"BreadcrumbList","@id":"https:\/\/www.narterlaw.com\/en\/koronavirus-salgini-nedeniyle-sigorta-primlerinin-ertelenmesine-iliskin-bilgilendirme-notu\/#breadcrumb","itemListElement":[{"@type":"ListItem","position":1,"name":"Anasayfa","item":"https:\/\/www.narterlaw.com\/en\/"},{"@type":"ListItem","position":2,"name":"Koronavir\u00fcs Salg\u0131n\u0131 Nedeniyle Sigorta Primlerinin Ertelenmesine \u0130li\u015fkin Bilgilendirme Notu"}]},{"@type":"WebSite","@id":"https:\/\/www.narterlaw.com\/#website","url":"https:\/\/www.narterlaw.com\/","name":"Narter &amp; Partners","description":"Narter &amp; Partners","publisher":{"@id":"https:\/\/www.narterlaw.com\/#organization"},"potentialAction":[{"@type":"SearchAction","target":{"@type":"EntryPoint","urlTemplate":"https:\/\/www.narterlaw.com\/?s={search_term_string}"},"query-input":{"@type":"PropertyValueSpecification","valueRequired":true,"valueName":"search_term_string"}}],"inLanguage":"en-US"},{"@type":"Organization","@id":"https:\/\/www.narterlaw.com\/#organization","name":"narterlaw","url":"https:\/\/www.narterlaw.com\/","logo":{"@type":"ImageObject","inLanguage":"en-US","@id":"https:\/\/www.narterlaw.com\/#\/schema\/logo\/image\/","url":"https:\/\/www.narterlaw.com\/wp-content\/uploads\/2020\/05\/narterpartners-logo.png","contentUrl":"https:\/\/www.narterlaw.com\/wp-content\/uploads\/2020\/05\/narterpartners-logo.png","width":132,"height":50,"caption":"narterlaw"},"image":{"@id":"https:\/\/www.narterlaw.com\/#\/schema\/logo\/image\/"}},{"@type":"Person","@id":"https:\/\/www.narterlaw.com\/#\/schema\/person\/669f761d161a26a6776d10c1db0f5f24","name":"admin","image":{"@type":"ImageObject","inLanguage":"en-US","@id":"https:\/\/www.narterlaw.com\/#\/schema\/person\/image\/","url":"https:\/\/secure.gravatar.com\/avatar\/ca62748feb9a0364b7dcad459815128c?s=96&d=mm&r=g","contentUrl":"https:\/\/secure.gravatar.com\/avatar\/ca62748feb9a0364b7dcad459815128c?s=96&d=mm&r=g","caption":"admin"},"sameAs":["http:\/\/narter.korkutads.com"]}]}},"_links":{"self":[{"href":"https:\/\/www.narterlaw.com\/en\/wp-json\/wp\/v2\/posts\/823","targetHints":{"allow":["GET"]}}],"collection":[{"href":"https:\/\/www.narterlaw.com\/en\/wp-json\/wp\/v2\/posts"}],"about":[{"href":"https:\/\/www.narterlaw.com\/en\/wp-json\/wp\/v2\/types\/post"}],"author":[{"embeddable":true,"href":"https:\/\/www.narterlaw.com\/en\/wp-json\/wp\/v2\/users\/1"}],"replies":[{"embeddable":true,"href":"https:\/\/www.narterlaw.com\/en\/wp-json\/wp\/v2\/comments?post=823"}],"version-history":[{"count":0,"href":"https:\/\/www.narterlaw.com\/en\/wp-json\/wp\/v2\/posts\/823\/revisions"}],"wp:featuredmedia":[{"embeddable":true,"href":"https:\/\/www.narterlaw.com\/en\/wp-json\/wp\/v2\/media\/824"}],"wp:attachment":[{"href":"https:\/\/www.narterlaw.com\/en\/wp-json\/wp\/v2\/media?parent=823"}],"wp:term":[{"taxonomy":"category","embeddable":true,"href":"https:\/\/www.narterlaw.com\/en\/wp-json\/wp\/v2\/categories?post=823"},{"taxonomy":"post_tag","embeddable":true,"href":"https:\/\/www.narterlaw.com\/en\/wp-json\/wp\/v2\/tags?post=823"}],"curies":[{"name":"wp","href":"https:\/\/api.w.org\/{rel}","templated":true}]}}