{"id":819,"date":"2020-04-06T14:32:25","date_gmt":"2020-04-06T11:32:25","guid":{"rendered":"https:\/\/www.narterlaw.com\/sokaga-cikma-yasagi-neticesinde-20-yas-alti-ile-65-yas-ustu-calisanlarin-is-sozlesmelerinin-akibetinin-degerlendirilmesi\/"},"modified":"2020-04-06T14:32:25","modified_gmt":"2020-04-06T11:32:25","slug":"sokaga-cikma-yasagi-neticesinde-20-yas-alti-ile-65-yas-ustu-calisanlarin-is-sozlesmelerinin-akibetinin-degerlendirilmesi","status":"publish","type":"post","link":"https:\/\/www.narterlaw.com\/en\/sokaga-cikma-yasagi-neticesinde-20-yas-alti-ile-65-yas-ustu-calisanlarin-is-sozlesmelerinin-akibetinin-degerlendirilmesi\/","title":{"rendered":"Soka\u011fa \u00c7\u0131kma Yasa\u011f\u0131 Neticesinde 20 Ya\u015f Alt\u0131 ile 65 Ya\u015f \u00dcst\u00fc \u00c7al\u0131\u015fanlar\u0131n \u0130\u015f S\u00f6zle\u015fmelerinin Ak\u0131betinin De\u011ferlendirilmesi"},"content":{"rendered":"<ol>\n<li><b><\/b><b>SOKA\u011eA \u00c7IKMA YASA\u011eI UYGULANAN<\/b><b> <\/b><b>VATANDA\u015eLARIMIZ<\/b><\/li>\n<\/ol>\n<ul>\n<li>65 Ya\u015f ve \u00dcst\u00fc ile Kronik Rahats\u0131zl\u0131\u011f\u0131 Olanlara Soka\u011fa \u00c7\u0131kma Yasa\u011f\u0131 Genelgesi ile, 65 ya\u015f \u00fcst\u00fc \u015fah\u0131slar\u0131n 21 Mart 2020 saat 24.00 itibariyle ikametlerinden d\u0131\u015far\u0131 \u00e7\u0131kmalar\u0131, a\u00e7\u0131k alanlarda, parklarda dola\u015fmalar\u0131 ve toplu ula\u015f\u0131m ara\u00e7lar\u0131 ile seyahat etmeleri s\u0131n\u0131rland\u0131r\u0131larak, soka\u011fa \u00e7\u0131kmalar\u0131 yasaklanm\u0131\u015ft\u0131r.<\/li>\n<\/ul>\n<ul>\n<li>Sa\u011fl\u0131k Bakanl\u0131\u011f\u0131 ve Bilim Kurulunun \u00f6nerileri ve Cumhurba\u015fkan\u0131\u2019n\u0131n talimatlar\u0131 do\u011frultusunda, \u0130l \u0130daresi Kanunu\u2019nun 11\/C maddesi ile Umumi H\u0131fz\u0131s\u0131hha Kanunu\u2019nun 27\u2019nci ve 72\u2019nci maddesi kapsam\u0131nda; T.C. \u0130\u00e7i\u015fleri Bakanl\u0131\u011f\u0131\u2019n\u0131n 03.04.2020 tarih, 89780865-153- say\u0131l\u0131 \u015eehir Giri\u015f\/\u00c7\u0131k\u0131\u015f Tedbirleri ve Ya\u015f S\u0131n\u0131rlamas\u0131 konulu yaz\u0131s\u0131 ile 20 ya\u015f alt\u0131ndaki ki\u015filere soka\u011fa \u00e7\u0131kma yasa\u011f\u0131 getirilmi\u015f olup, \u00fclke genelinde 01.01.2000 tarihinden sonra do\u011fmu\u015f olanlar\u0131n soka\u011fa \u00e7\u0131kmalar\u0131 03.04.2020 tarihi saat 24.00 tarihi itibariyle ge\u00e7ici olarak yasaklanm\u0131\u015ft\u0131r. Bu tedbire ili\u015fkin valiler\/kaymakamlar taraf\u0131ndan ilgili mevzuat\u0131 uyar\u0131nca gerekli kararlar\u0131n ivedilikle<\/li>\n<\/ul>\n<p>al\u0131nmas\u0131, uygulamada herhangi bir aksakl\u0131\u011fa meydan verilmemesi ve ma\u011fduriyetlere neden olunmamas\u0131, al\u0131nan kararlara uymayan vatanda\u015flara Umumi H\u0131fz\u0131ss\u0131hha Kanunu\u2019nun 282\u2019inci maddesi gere\u011fince idari para cezas\u0131 verilmesi ba\u015fta olmak \u00fczere ayk\u0131r\u0131l\u0131\u011f\u0131n durumuna g\u00f6re kanunun ilgili maddeleri gere\u011fince i\u015flem yap\u0131lmas\u0131, konusu su\u00e7 te\u015fkil eden davran\u0131\u015flara ili\u015fkin T\u00fcrk Ceza Kanunu\u2019nun 195\u2019inci maddesi kapsam\u0131nda gerekli adli i\u015flemlerin ba\u015flat\u0131lmas\u0131na karar verilmi\u015ftir.<\/p>\n<ul>\n<li>T.C. \u0130\u00e7 \u0130\u015fleri Bakanl\u0131\u011f\u0131, 05.04.2020 tarihinde, 81 \u0130l Valili\u011fine soka\u011fa \u00e7\u0131kma yasa\u011f\u0131 kapsam\u0131nda bulunan 18-20 ya\u015f aras\u0131ndaki gen\u00e7lerle ilgili uygulama birli\u011finin sa\u011flanmas\u0131 amac\u0131yla istisnalar\u0131 i\u00e7eren ek bir genelge (\u2018<b>\u2019Ek Genelge\u2019\u2019<\/b>) g\u00f6ndermi\u015ftir. Buna g\u00f6re, do\u011fum tarihi 01.01.2000-01.01.2002 tarihleri aras\u0131nda (18-20 ya\u015f aral\u0131\u011f\u0131nda) olmakla beraber;<\/li>\n<\/ul>\n<ul>\n<li>Kamu kurum ve kurulu\u015flar\u0131nda memur, s\u00f6zle\u015fmeli personel veya i\u015f\u00e7i stat\u00fcs\u00fcnde g\u00f6revli olanlar,<\/li>\n<li>\u00d6zel sekt\u00f6rde d\u00fczenli bir i\u015fe sahip olan ve sosyal g\u00fcvenlik kay\u0131t belgesi ile bu durumu belgeleyenler,<\/li>\n<li>Tar\u0131msal \u00fcretimin s\u00fcreklili\u011fi a\u00e7\u0131s\u0131ndan \u00f6nemli bir fonksiyona sahip olan ve iller aras\u0131ndaki planlama, seyahat ve konaklama ko\u015fullar\u0131 03.04.2020 tarih ve 6202 say\u0131l\u0131 Genelge ile d\u00fczenlenen mevsimlik tar\u0131m i\u015f\u00e7ileri, 03.04.2020 tarih ve 6235 say\u0131l\u0131 say\u0131l\u0131 Bakanl\u0131k Genelgesi ile getirilen soka\u011fa \u00e7\u0131k\u0131\u015f yasa\u011f\u0131ndan muaf tutulacakt\u0131r. Bu istisnalar 01.01.2002 tarihinden sonra do\u011fanlara (18 ya\u015f\u0131ndan k\u00fc\u00e7\u00fcklere) uygulanmayacakt\u0131r.<\/li>\n<\/ul>\n<p>\u00d6zetle, Bilgilendirme Notumuz\u2019un haz\u0131rland\u0131\u011f\u0131 tarih itibariyle 65 ya\u015f \u00fcst\u00fc vatanda\u015flar\u0131m\u0131z\u0131n soka\u011fa \u00e7\u0131kmas\u0131 yasaklanm\u0131\u015ft\u0131r. \u00c7al\u0131\u015ft\u0131\u011f\u0131n\u0131 sosyal g\u00fcvenlik belgesiyle ortaya koymas\u0131 \u015fart\u0131yla 18-20 ya\u015f aral\u0131\u011f\u0131nda olanlar\u0131n ve mevsimlik tar\u0131m i\u015f\u00e7ilerinin ise soka\u011fa \u00e7\u0131kma yasa\u011f\u0131ndan muaf tutulaca\u011f\u0131 ifade edilmi\u015ftir. Bu kapsama girmeyen 20 ya\u015f alt\u0131 vatanda\u015flar\u0131n ise soka\u011fa \u00e7\u0131kma yasa\u011f\u0131 devam etmektedir.<\/p>\n<ol start=\"2\">\n<li><b><\/b><b>SOKA\u011eA \u00c7IKMA YASA\u011eININ \u0130\u015e AK\u0130TLER\u0130NE <\/b><b>ETK\u0130S\u0130N\u0130N <\/b><b>DE\u011eERLEND\u0130R\u0130LMES\u0130<\/b><\/li>\n<\/ol>\n<p>Zorlay\u0131c\u0131 sebep; i\u015fverenin kendi sevk ve idaresinden kaynaklanmayan ve sonu\u00e7lar\u0131 \u00f6nceden kestirilemeyen, d\u0131\u015fsal etkilerden do\u011fan, ge\u00e7ici olarak \u00e7al\u0131\u015fma s\u00fcresinin azalt\u0131lmas\u0131 veya i\u015fyerindeki faaliyetin tamamen veya k\u0131smen durdurulmas\u0131 ile sonu\u00e7lanan deprem, yang\u0131n, su bask\u0131n\u0131, salg\u0131n hastal\u0131k, seferberlik ve benzeri nedenler olarak ifade edilmektedir. 4857 Say\u0131l\u0131 \u0130\u015f Kanunu (\u2018\u2019<b>Kanun<\/b>\u2019\u2019), zorlay\u0131c\u0131 sebeplerin mevcudiyeti halinde i\u015f\u00e7i ve i\u015fverene hakl\u0131 nedenle fesih imkan\u0131 tan\u0131m\u0131\u015ft\u0131r.<\/p>\n<p><b>\u0130\u015f\u00e7i a\u00e7\u0131s\u0131ndan,<\/b><\/p>\n<p>Kanun\u2019un 24\u2019\u00fcnc\u00fc maddesi III bendine g\u00f6re, <i>i\u015f\u00e7inin \u00e7al\u0131\u015ft\u0131\u011f\u0131 i\u015f yerinde bir haftadan fazla s\u00fcre<\/i><i> <\/i><i>ile<\/i><i> <\/i><i>i\u015fin<\/i><i> <\/i><i>durmas\u0131n\u0131<\/i><i> <\/i><i>gerektirecek<\/i><i> <\/i><i>zorlay\u0131c\u0131<\/i><i> <\/i><i>sebepler<\/i><i> <\/i><i>ortaya<\/i><i> <\/i><i>\u00e7\u0131karsa<\/i><i> <\/i>i\u015f\u00e7i i\u015f s\u00f6zle\u015fmesini hakl\u0131 nedenle feshedebilir.<\/p>\n<p><b>\u0130\u015fveren a\u00e7\u0131s\u0131ndan,<\/b><\/p>\n<p>Kanun\u2019un 25\u2019inci maddesi III bendine g\u00f6re, <i>i\u015f\u00e7iyi i\u015f yerinde bir haftadan fazla s\u00fcre ile \u00e7al\u0131\u015fmaktan al\u0131koyan zorlay\u0131c\u0131 bir sebebin ortaya \u00e7\u0131kmas\u0131 halinde <\/i>i\u015fveren i\u015f\u00e7inin i\u015f s\u00f6zle\u015fmesini hakl\u0131 nedenle feshedebilir.<\/p>\n<p><b>Nitekim Yarg\u0131tay 9. Hukuk Dairesi\u2019nin 2016\/9116 E., 2019\/16141 K. say\u0131l\u0131 ve 18.09.2019 tarihli ilam\u0131nda;<\/b><\/p>\n<p><i>\u2018\u2019\u0130\u015f\u00e7iyi \u00e7al\u0131\u015fmaktan al\u0131koyan nedenler, i\u015f\u00e7inin \u00e7evresinde meydana gelmelidir. \u0130\u015fyerinden kaynaklanan ve \u00e7al\u0131\u015fmay\u0131 \u00f6nleyen nedenler bu madde kapsam\u0131na girmez. \u00d6rne\u011fin i\u015fyerinin kapat\u0131lmas\u0131 zorlay\u0131c\u0131 neden say\u0131lmaz (Yarg\u0131tay 9. HD. 25.4.2008 g\u00fcn 2007\/16205 E, 2008\/10253<span class=\"Apple-converted-space\">\u00a0 <\/span>K.).<span class=\"Apple-converted-space\">\u00a0 <\/span>Ancak,<span class=\"Apple-converted-space\">\u00a0 <\/span>sel,<span class=\"Apple-converted-space\">\u00a0 <\/span>kar,<span class=\"Apple-converted-space\">\u00a0 <\/span>deprem<span class=\"Apple-converted-space\">\u00a0 <\/span>gibi<span class=\"Apple-converted-space\">\u00a0 <\/span>do\u011fal<span class=\"Apple-converted-space\">\u00a0 <\/span>olaylar nedeniyle<span class=\"Apple-converted-space\">\u00a0 <\/span>ula\u015f\u0131m\u0131n<span class=\"Apple-converted-space\">\u00a0 <\/span>kesilmesi, salg\u0131n hastal\u0131k sebebiyle karantina uygulamas\u0131 gibi durumlar zorlay\u0131c\u0131<\/i><i> <\/i><i>nedenlerdir.<\/i><\/p>\n<p><i>4857 Say\u0131l\u0131 Kanun&#8217;un <\/i><i>40<\/i><i>. maddesi uyar\u0131nca, i\u015f\u00e7inin zorlay\u0131c\u0131 nedenlerle Kanun&#8217;un 25\/III maddesi kapsam\u0131nda kalan \u201c\u00e7al\u0131\u015f\u0131lmayan s\u00fcreler\u201d i\u00e7in yar\u0131m \u00fccret \u00f6denir. \u0130\u015f\u00e7inin i\u015f s\u00f6zle\u015fmesinin zorlay\u0131c\u0131 nedenlerle 25\/III bendi uyar\u0131nca feshi halinde, i\u015fverenin bildirim \u015fart\u0131na uyma ya da ihbar tazminat\u0131 y\u00fck\u00fcml\u00fcl\u00fckleri bulunmamaktad\u0131r. Ancak, 1475 Say\u0131l\u0131 Kanun&#8217;un <\/i><i>14<\/i><i>. maddesi uyar\u0131nca k\u0131dem tazminat\u0131n\u0131n \u00f6denmesi gerekir.\u2019\u2019 <\/i>\u015feklinde ifade edilmi\u015ftir.<\/p>\n<p><b>Yarg\u0131tay 22. Hukuk Dairesi\u2019nin 2017\/33335 E., 2017\/11772 K. ve 22.5.2017 tarihli ilam\u0131nda da;<\/b><\/p>\n<p><i>\u2018\u2019Davac\u0131n\u0131n s\u00f6zle\u015fmesinin feshedilmesine neden olan olaylar, artan ter\u00f6r olaylar\u0131 ve<\/i><i> <\/i><i>ilan edilen<\/i><i> <\/i><i>soka\u011fa<\/i><i> <\/i><i>\u00e7\u0131kma<\/i><i> <\/i><i>yasa\u011f\u0131n\u0131n<\/i><i> <\/i><i>ilan\u0131d\u0131r.<\/i><i> <\/i><i>Bu<\/i><i> <\/i><i>sebeplerin<\/i><i> <\/i><i>zorlay\u0131c\u0131<\/i><i> <\/i><i>neden<\/i><i> <\/i><i>oldu\u011funun<\/i><i> <\/i><i>kabul\u00fcnde<\/i><i> <\/i><i>bir isabetsizlik yoktur.\u2019\u2019 <\/i>\u015feklinde ifade edilmi\u015ftir.<\/p>\n<p>v Yarg\u0131tay kararlar\u0131 \u00e7er\u00e7evesinde soka\u011fa \u00e7\u0131kma yasa\u011f\u0131n\u0131n i\u015f\u00e7i ve i\u015fveren a\u00e7\u0131s\u0131ndan zorlay\u0131c\u0131 neden do\u011furdu\u011fu g\u00f6r\u00fclmektedir.<\/p>\n<p>Kanun\u2019un 40\u2019\u0131nc\u0131 maddesi;<\/p>\n<p><i>\u2018\u201924 ve 25 inci maddelerin (III) numaral\u0131 bentlerinde g\u00f6sterilen zorlay\u0131c\u0131 sebepler dolay\u0131s\u0131yla \u00e7al\u0131\u015famayan<\/i><i> <\/i><i>veya<\/i><i> <\/i><i>\u00e7al\u0131\u015ft\u0131r\u0131lmayan<\/i><i> <\/i><i>i\u015f\u00e7iye<\/i><i> <\/i><i>bu<\/i><i> <\/i><i>bekleme<\/i><i> <\/i><i>s\u00fcresi<\/i><i> <\/i><i>i\u00e7inde<\/i><i> <\/i><i>bir<\/i><i> <\/i><i>haftaya<\/i><i> <\/i><i>kadar<\/i><i> <\/i><i>her<\/i><i> <\/i><i>g\u00fcn<\/i><i> <\/i><i>i\u00e7in yar\u0131m \u00fccret \u00f6denir.\u2019\u2019 <\/i>\u015feklinde olup, zorlay\u0131c\u0131 neden dolay\u0131s\u0131yla \u00e7al\u0131\u015ft\u0131r\u0131lamayan i\u015f\u00e7iye bu bekleme s\u00fcresi i\u00e7inde bir haftaya kadar her g\u00fcn i\u00e7in yar\u0131m \u00fccret \u00f6denece\u011fi h\u00fck\u00fcm alt\u0131na al\u0131nm\u0131\u015ft\u0131r.<\/p>\n<p>Soka\u011fa \u00e7\u0131kma yasa\u011f\u0131 kapsam\u0131na giren \u00e7al\u0131\u015fanlar i\u00e7in, yasa\u011f\u0131n uygulanmas\u0131 ile birlikte bir haftal\u0131k s\u00fcre\u00e7 i\u00e7in yar\u0131m \u00fccret \u00f6demesi yap\u0131lmas\u0131 gerekmektedir.<\/p>\n<p>Bir haftal\u0131k s\u00fcre sonras\u0131nda ise, i\u015f\u00e7i veya i\u015fverenin i\u015f s\u00f6zle\u015fmesini feshetme hakk\u0131 vard\u0131r. \u0130\u015fverenin i\u015f s\u00f6zle\u015fmesini feshi halinde i\u015f\u00e7iye k\u0131dem tazminat\u0131 \u00f6demesi yapmas\u0131 gerekecektir. Taraflar i\u015f s\u00f6zle\u015fmesini feshetmez ise, s\u00f6zle\u015fmenin ask\u0131 hali devam edecek ve zorlay\u0131c\u0131 neden ortadan kalk\u0131ncaya kadar \u00fccret \u00f6deme y\u00fck\u00fcml\u00fcl\u00fc\u011f\u00fc ortadan kalkacakt\u0131r.<\/p>\n<ol start=\"3\">\n<li><b><\/b><b>DE\u011eERLEND\u0130RMELER\u0130M\u0130Z<\/b><\/li>\n<\/ol>\n<p>\u00c7al\u0131\u015ft\u0131\u011f\u0131n\u0131 sosyal g\u00fcvenlik belgesiyle ortaya koymas\u0131 \u015fart\u0131yla 18-20 ya\u015f aral\u0131\u011f\u0131nda olanlar\u0131n ve mevsimlik tar\u0131m i\u015f\u00e7ilerinin ise soka\u011fa \u00e7\u0131kma yasa\u011f\u0131ndan muaf tutulaca\u011f\u0131 ifade edilmi\u015ftir. Bu sebeple, 18-20 ya\u015f aral\u0131\u011f\u0131ndaki \u00e7al\u0131\u015fanlar Ek Genelge \u00e7er\u00e7evesinde \u00e7al\u0131\u015fmaya devam edebilecek olup, \u00e7al\u0131\u015fmaktan imtina edemeyecektir.<\/p>\n<p>Bu kapsama girmeyen 20 ya\u015f alt\u0131 vatanda\u015flar ile 65 ya\u015f \u00fcst\u00fc vatanda\u015flar\u0131m\u0131z i\u00e7in soka\u011fa \u00e7\u0131kma yasa\u011f\u0131 devam etmekte olup, bu \u00e7al\u0131\u015fanlar\u0131n i\u015f akitleri hakl\u0131 neden ile sonland\u0131r\u0131labilecektir.<\/p>\n<p>Soka\u011fa \u00e7\u0131kma yasa\u011f\u0131 kapsam\u0131na giren \u00e7al\u0131\u015fanlar i\u00e7in \u00f6ncelikle y\u0131ll\u0131k \u00fccretli izin, \u00fccretsiz izin ve telafi \u00e7al\u0131\u015fmas\u0131 gibi uygulamalar yap\u0131lmas\u0131n\u0131 tavsiye ederiz.<\/p>\n<p>\u00c7al\u0131\u015fanlar\u0131n i\u015fe d\u00f6n\u00fc\u015f\u00fc beklenemeyecek ise, \u00e7al\u0131\u015fana bir haftal\u0131k yar\u0131m \u00fccreti tutar\u0131nda maa\u015f \u00f6demesi yap\u0131lmas\u0131 ve k\u0131dem tazminat\u0131 \u00f6denmesi \u015fart\u0131yla, Kanun\u2019un 25\/III h\u00fckm\u00fc gerek\u00e7e g\u00f6sterilerek hakl\u0131 nedenle \u00e7\u0131k\u0131\u015f\u0131 yap\u0131labilecektir.<\/p>\n","protected":false},"excerpt":{"rendered":"<p>SOKA\u011eA \u00c7IKMA YASA\u011eI UYGULANAN VATANDA\u015eLARIMIZ 65 Ya\u015f ve \u00dcst\u00fc ile Kronik Rahats\u0131zl\u0131\u011f\u0131 Olanlara Soka\u011fa \u00c7\u0131kma Yasa\u011f\u0131 Genelgesi ile, 65 ya\u015f \u00fcst\u00fc \u015fah\u0131slar\u0131n 21 Mart 2020 saat 24.00 itibariyle ikametlerinden d\u0131\u015far\u0131 \u00e7\u0131kmalar\u0131, a\u00e7\u0131k alanlarda, parklarda dola\u015fmalar\u0131 ve toplu ula\u015f\u0131m ara\u00e7lar\u0131 ile [&hellip;]<\/p>\n","protected":false},"author":1,"featured_media":820,"comment_status":"open","ping_status":"open","sticky":false,"template":"","format":"standard","meta":{"footnotes":""},"categories":[31],"tags":[],"class_list":["post-819","post","type-post","status-publish","format-standard","has-post-thumbnail","hentry","category-labor-law"],"yoast_head":"<!-- This site is optimized with the Yoast SEO plugin v25.4 - https:\/\/yoast.com\/wordpress\/plugins\/seo\/ -->\n<title>Soka\u011fa \u00c7\u0131kma Yasa\u011f\u0131 Neticesinde 20 Ya\u015f Alt\u0131 ile 65 Ya\u015f \u00dcst\u00fc \u00c7al\u0131\u015fanlar\u0131n \u0130\u015f S\u00f6zle\u015fmelerinin Ak\u0131betinin De\u011ferlendirilmesi | Narter &amp; Partners<\/title>\n<meta name=\"robots\" content=\"index, follow, max-snippet:-1, max-image-preview:large, max-video-preview:-1\" \/>\n<link rel=\"canonical\" href=\"https:\/\/www.narterlaw.com\/en\/sokaga-cikma-yasagi-neticesinde-20-yas-alti-ile-65-yas-ustu-calisanlarin-is-sozlesmelerinin-akibetinin-degerlendirilmesi\/\" \/>\n<meta property=\"og:locale\" content=\"en_US\" \/>\n<meta property=\"og:type\" content=\"article\" \/>\n<meta property=\"og:title\" content=\"Soka\u011fa \u00c7\u0131kma Yasa\u011f\u0131 Neticesinde 20 Ya\u015f Alt\u0131 ile 65 Ya\u015f \u00dcst\u00fc \u00c7al\u0131\u015fanlar\u0131n \u0130\u015f S\u00f6zle\u015fmelerinin Ak\u0131betinin De\u011ferlendirilmesi | Narter &amp; Partners\" \/>\n<meta property=\"og:description\" content=\"SOKA\u011eA \u00c7IKMA YASA\u011eI UYGULANAN VATANDA\u015eLARIMIZ 65 Ya\u015f ve \u00dcst\u00fc ile Kronik Rahats\u0131zl\u0131\u011f\u0131 Olanlara Soka\u011fa \u00c7\u0131kma Yasa\u011f\u0131 Genelgesi ile, 65 ya\u015f \u00fcst\u00fc \u015fah\u0131slar\u0131n 21 Mart 2020 saat 24.00 itibariyle ikametlerinden d\u0131\u015far\u0131 \u00e7\u0131kmalar\u0131, a\u00e7\u0131k alanlarda, parklarda dola\u015fmalar\u0131 ve toplu ula\u015f\u0131m ara\u00e7lar\u0131 ile [&hellip;]\" \/>\n<meta property=\"og:url\" content=\"https:\/\/www.narterlaw.com\/en\/sokaga-cikma-yasagi-neticesinde-20-yas-alti-ile-65-yas-ustu-calisanlarin-is-sozlesmelerinin-akibetinin-degerlendirilmesi\/\" \/>\n<meta property=\"og:site_name\" content=\"Narter &amp; Partners\" \/>\n<meta property=\"article:published_time\" content=\"2020-04-06T11:32:25+00:00\" \/>\n<meta property=\"og:image\" content=\"https:\/\/www.narterlaw.com\/wp-content\/uploads\/2020\/04\/bilginot_421.png\" \/>\n\t<meta property=\"og:image:width\" content=\"1023\" \/>\n\t<meta property=\"og:image:height\" content=\"518\" \/>\n\t<meta property=\"og:image:type\" content=\"image\/png\" \/>\n<meta name=\"author\" content=\"admin\" \/>\n<meta name=\"twitter:card\" content=\"summary_large_image\" \/>\n<meta name=\"twitter:label1\" content=\"Written by\" \/>\n\t<meta name=\"twitter:data1\" content=\"admin\" \/>\n\t<meta name=\"twitter:label2\" content=\"Est. reading time\" \/>\n\t<meta name=\"twitter:data2\" content=\"6 minutes\" \/>\n<script type=\"application\/ld+json\" class=\"yoast-schema-graph\">{\"@context\":\"https:\/\/schema.org\",\"@graph\":[{\"@type\":\"Article\",\"@id\":\"https:\/\/www.narterlaw.com\/en\/sokaga-cikma-yasagi-neticesinde-20-yas-alti-ile-65-yas-ustu-calisanlarin-is-sozlesmelerinin-akibetinin-degerlendirilmesi\/#article\",\"isPartOf\":{\"@id\":\"https:\/\/www.narterlaw.com\/en\/sokaga-cikma-yasagi-neticesinde-20-yas-alti-ile-65-yas-ustu-calisanlarin-is-sozlesmelerinin-akibetinin-degerlendirilmesi\/\"},\"author\":{\"name\":\"admin\",\"@id\":\"https:\/\/www.narterlaw.com\/#\/schema\/person\/669f761d161a26a6776d10c1db0f5f24\"},\"headline\":\"Soka\u011fa \u00c7\u0131kma Yasa\u011f\u0131 Neticesinde 20 Ya\u015f Alt\u0131 ile 65 Ya\u015f \u00dcst\u00fc \u00c7al\u0131\u015fanlar\u0131n \u0130\u015f S\u00f6zle\u015fmelerinin Ak\u0131betinin De\u011ferlendirilmesi\",\"datePublished\":\"2020-04-06T11:32:25+00:00\",\"mainEntityOfPage\":{\"@id\":\"https:\/\/www.narterlaw.com\/en\/sokaga-cikma-yasagi-neticesinde-20-yas-alti-ile-65-yas-ustu-calisanlarin-is-sozlesmelerinin-akibetinin-degerlendirilmesi\/\"},\"wordCount\":1283,\"commentCount\":0,\"publisher\":{\"@id\":\"https:\/\/www.narterlaw.com\/#organization\"},\"image\":{\"@id\":\"https:\/\/www.narterlaw.com\/en\/sokaga-cikma-yasagi-neticesinde-20-yas-alti-ile-65-yas-ustu-calisanlarin-is-sozlesmelerinin-akibetinin-degerlendirilmesi\/#primaryimage\"},\"thumbnailUrl\":\"https:\/\/www.narterlaw.com\/wp-content\/uploads\/2020\/04\/bilginot_421.png\",\"articleSection\":[\"Labor Law\"],\"inLanguage\":\"en-US\",\"potentialAction\":[{\"@type\":\"CommentAction\",\"name\":\"Comment\",\"target\":[\"https:\/\/www.narterlaw.com\/en\/sokaga-cikma-yasagi-neticesinde-20-yas-alti-ile-65-yas-ustu-calisanlarin-is-sozlesmelerinin-akibetinin-degerlendirilmesi\/#respond\"]}]},{\"@type\":\"WebPage\",\"@id\":\"https:\/\/www.narterlaw.com\/en\/sokaga-cikma-yasagi-neticesinde-20-yas-alti-ile-65-yas-ustu-calisanlarin-is-sozlesmelerinin-akibetinin-degerlendirilmesi\/\",\"url\":\"https:\/\/www.narterlaw.com\/en\/sokaga-cikma-yasagi-neticesinde-20-yas-alti-ile-65-yas-ustu-calisanlarin-is-sozlesmelerinin-akibetinin-degerlendirilmesi\/\",\"name\":\"Soka\u011fa \u00c7\u0131kma Yasa\u011f\u0131 Neticesinde 20 Ya\u015f Alt\u0131 ile 65 Ya\u015f \u00dcst\u00fc \u00c7al\u0131\u015fanlar\u0131n \u0130\u015f S\u00f6zle\u015fmelerinin Ak\u0131betinin De\u011ferlendirilmesi | Narter &amp; Partners\",\"isPartOf\":{\"@id\":\"https:\/\/www.narterlaw.com\/#website\"},\"primaryImageOfPage\":{\"@id\":\"https:\/\/www.narterlaw.com\/en\/sokaga-cikma-yasagi-neticesinde-20-yas-alti-ile-65-yas-ustu-calisanlarin-is-sozlesmelerinin-akibetinin-degerlendirilmesi\/#primaryimage\"},\"image\":{\"@id\":\"https:\/\/www.narterlaw.com\/en\/sokaga-cikma-yasagi-neticesinde-20-yas-alti-ile-65-yas-ustu-calisanlarin-is-sozlesmelerinin-akibetinin-degerlendirilmesi\/#primaryimage\"},\"thumbnailUrl\":\"https:\/\/www.narterlaw.com\/wp-content\/uploads\/2020\/04\/bilginot_421.png\",\"datePublished\":\"2020-04-06T11:32:25+00:00\",\"breadcrumb\":{\"@id\":\"https:\/\/www.narterlaw.com\/en\/sokaga-cikma-yasagi-neticesinde-20-yas-alti-ile-65-yas-ustu-calisanlarin-is-sozlesmelerinin-akibetinin-degerlendirilmesi\/#breadcrumb\"},\"inLanguage\":\"en-US\",\"potentialAction\":[{\"@type\":\"ReadAction\",\"target\":[\"https:\/\/www.narterlaw.com\/en\/sokaga-cikma-yasagi-neticesinde-20-yas-alti-ile-65-yas-ustu-calisanlarin-is-sozlesmelerinin-akibetinin-degerlendirilmesi\/\"]}]},{\"@type\":\"ImageObject\",\"inLanguage\":\"en-US\",\"@id\":\"https:\/\/www.narterlaw.com\/en\/sokaga-cikma-yasagi-neticesinde-20-yas-alti-ile-65-yas-ustu-calisanlarin-is-sozlesmelerinin-akibetinin-degerlendirilmesi\/#primaryimage\",\"url\":\"https:\/\/www.narterlaw.com\/wp-content\/uploads\/2020\/04\/bilginot_421.png\",\"contentUrl\":\"https:\/\/www.narterlaw.com\/wp-content\/uploads\/2020\/04\/bilginot_421.png\",\"width\":1023,\"height\":518},{\"@type\":\"BreadcrumbList\",\"@id\":\"https:\/\/www.narterlaw.com\/en\/sokaga-cikma-yasagi-neticesinde-20-yas-alti-ile-65-yas-ustu-calisanlarin-is-sozlesmelerinin-akibetinin-degerlendirilmesi\/#breadcrumb\",\"itemListElement\":[{\"@type\":\"ListItem\",\"position\":1,\"name\":\"Anasayfa\",\"item\":\"https:\/\/www.narterlaw.com\/en\/\"},{\"@type\":\"ListItem\",\"position\":2,\"name\":\"Soka\u011fa \u00c7\u0131kma Yasa\u011f\u0131 Neticesinde 20 Ya\u015f Alt\u0131 ile 65 Ya\u015f \u00dcst\u00fc \u00c7al\u0131\u015fanlar\u0131n \u0130\u015f S\u00f6zle\u015fmelerinin Ak\u0131betinin De\u011ferlendirilmesi\"}]},{\"@type\":\"WebSite\",\"@id\":\"https:\/\/www.narterlaw.com\/#website\",\"url\":\"https:\/\/www.narterlaw.com\/\",\"name\":\"Narter &amp; Partners\",\"description\":\"Narter &amp; Partners\",\"publisher\":{\"@id\":\"https:\/\/www.narterlaw.com\/#organization\"},\"potentialAction\":[{\"@type\":\"SearchAction\",\"target\":{\"@type\":\"EntryPoint\",\"urlTemplate\":\"https:\/\/www.narterlaw.com\/?s={search_term_string}\"},\"query-input\":{\"@type\":\"PropertyValueSpecification\",\"valueRequired\":true,\"valueName\":\"search_term_string\"}}],\"inLanguage\":\"en-US\"},{\"@type\":\"Organization\",\"@id\":\"https:\/\/www.narterlaw.com\/#organization\",\"name\":\"narterlaw\",\"url\":\"https:\/\/www.narterlaw.com\/\",\"logo\":{\"@type\":\"ImageObject\",\"inLanguage\":\"en-US\",\"@id\":\"https:\/\/www.narterlaw.com\/#\/schema\/logo\/image\/\",\"url\":\"https:\/\/www.narterlaw.com\/wp-content\/uploads\/2020\/05\/narterpartners-logo.png\",\"contentUrl\":\"https:\/\/www.narterlaw.com\/wp-content\/uploads\/2020\/05\/narterpartners-logo.png\",\"width\":132,\"height\":50,\"caption\":\"narterlaw\"},\"image\":{\"@id\":\"https:\/\/www.narterlaw.com\/#\/schema\/logo\/image\/\"}},{\"@type\":\"Person\",\"@id\":\"https:\/\/www.narterlaw.com\/#\/schema\/person\/669f761d161a26a6776d10c1db0f5f24\",\"name\":\"admin\",\"image\":{\"@type\":\"ImageObject\",\"inLanguage\":\"en-US\",\"@id\":\"https:\/\/www.narterlaw.com\/#\/schema\/person\/image\/\",\"url\":\"https:\/\/secure.gravatar.com\/avatar\/ca62748feb9a0364b7dcad459815128c?s=96&d=mm&r=g\",\"contentUrl\":\"https:\/\/secure.gravatar.com\/avatar\/ca62748feb9a0364b7dcad459815128c?s=96&d=mm&r=g\",\"caption\":\"admin\"},\"sameAs\":[\"http:\/\/narter.korkutads.com\"]}]}<\/script>\n<!-- \/ Yoast SEO plugin. -->","yoast_head_json":{"title":"Soka\u011fa \u00c7\u0131kma Yasa\u011f\u0131 Neticesinde 20 Ya\u015f Alt\u0131 ile 65 Ya\u015f \u00dcst\u00fc \u00c7al\u0131\u015fanlar\u0131n \u0130\u015f S\u00f6zle\u015fmelerinin Ak\u0131betinin De\u011ferlendirilmesi | Narter &amp; Partners","robots":{"index":"index","follow":"follow","max-snippet":"max-snippet:-1","max-image-preview":"max-image-preview:large","max-video-preview":"max-video-preview:-1"},"canonical":"https:\/\/www.narterlaw.com\/en\/sokaga-cikma-yasagi-neticesinde-20-yas-alti-ile-65-yas-ustu-calisanlarin-is-sozlesmelerinin-akibetinin-degerlendirilmesi\/","og_locale":"en_US","og_type":"article","og_title":"Soka\u011fa \u00c7\u0131kma Yasa\u011f\u0131 Neticesinde 20 Ya\u015f Alt\u0131 ile 65 Ya\u015f \u00dcst\u00fc \u00c7al\u0131\u015fanlar\u0131n \u0130\u015f S\u00f6zle\u015fmelerinin Ak\u0131betinin De\u011ferlendirilmesi | Narter &amp; Partners","og_description":"SOKA\u011eA \u00c7IKMA YASA\u011eI UYGULANAN VATANDA\u015eLARIMIZ 65 Ya\u015f ve \u00dcst\u00fc ile Kronik Rahats\u0131zl\u0131\u011f\u0131 Olanlara Soka\u011fa \u00c7\u0131kma Yasa\u011f\u0131 Genelgesi ile, 65 ya\u015f \u00fcst\u00fc \u015fah\u0131slar\u0131n 21 Mart 2020 saat 24.00 itibariyle ikametlerinden d\u0131\u015far\u0131 \u00e7\u0131kmalar\u0131, a\u00e7\u0131k alanlarda, parklarda dola\u015fmalar\u0131 ve toplu ula\u015f\u0131m ara\u00e7lar\u0131 ile [&hellip;]","og_url":"https:\/\/www.narterlaw.com\/en\/sokaga-cikma-yasagi-neticesinde-20-yas-alti-ile-65-yas-ustu-calisanlarin-is-sozlesmelerinin-akibetinin-degerlendirilmesi\/","og_site_name":"Narter &amp; Partners","article_published_time":"2020-04-06T11:32:25+00:00","og_image":[{"width":1023,"height":518,"url":"https:\/\/www.narterlaw.com\/wp-content\/uploads\/2020\/04\/bilginot_421.png","type":"image\/png"}],"author":"admin","twitter_card":"summary_large_image","twitter_misc":{"Written by":"admin","Est. reading time":"6 minutes"},"schema":{"@context":"https:\/\/schema.org","@graph":[{"@type":"Article","@id":"https:\/\/www.narterlaw.com\/en\/sokaga-cikma-yasagi-neticesinde-20-yas-alti-ile-65-yas-ustu-calisanlarin-is-sozlesmelerinin-akibetinin-degerlendirilmesi\/#article","isPartOf":{"@id":"https:\/\/www.narterlaw.com\/en\/sokaga-cikma-yasagi-neticesinde-20-yas-alti-ile-65-yas-ustu-calisanlarin-is-sozlesmelerinin-akibetinin-degerlendirilmesi\/"},"author":{"name":"admin","@id":"https:\/\/www.narterlaw.com\/#\/schema\/person\/669f761d161a26a6776d10c1db0f5f24"},"headline":"Soka\u011fa \u00c7\u0131kma Yasa\u011f\u0131 Neticesinde 20 Ya\u015f Alt\u0131 ile 65 Ya\u015f \u00dcst\u00fc \u00c7al\u0131\u015fanlar\u0131n \u0130\u015f S\u00f6zle\u015fmelerinin Ak\u0131betinin De\u011ferlendirilmesi","datePublished":"2020-04-06T11:32:25+00:00","mainEntityOfPage":{"@id":"https:\/\/www.narterlaw.com\/en\/sokaga-cikma-yasagi-neticesinde-20-yas-alti-ile-65-yas-ustu-calisanlarin-is-sozlesmelerinin-akibetinin-degerlendirilmesi\/"},"wordCount":1283,"commentCount":0,"publisher":{"@id":"https:\/\/www.narterlaw.com\/#organization"},"image":{"@id":"https:\/\/www.narterlaw.com\/en\/sokaga-cikma-yasagi-neticesinde-20-yas-alti-ile-65-yas-ustu-calisanlarin-is-sozlesmelerinin-akibetinin-degerlendirilmesi\/#primaryimage"},"thumbnailUrl":"https:\/\/www.narterlaw.com\/wp-content\/uploads\/2020\/04\/bilginot_421.png","articleSection":["Labor Law"],"inLanguage":"en-US","potentialAction":[{"@type":"CommentAction","name":"Comment","target":["https:\/\/www.narterlaw.com\/en\/sokaga-cikma-yasagi-neticesinde-20-yas-alti-ile-65-yas-ustu-calisanlarin-is-sozlesmelerinin-akibetinin-degerlendirilmesi\/#respond"]}]},{"@type":"WebPage","@id":"https:\/\/www.narterlaw.com\/en\/sokaga-cikma-yasagi-neticesinde-20-yas-alti-ile-65-yas-ustu-calisanlarin-is-sozlesmelerinin-akibetinin-degerlendirilmesi\/","url":"https:\/\/www.narterlaw.com\/en\/sokaga-cikma-yasagi-neticesinde-20-yas-alti-ile-65-yas-ustu-calisanlarin-is-sozlesmelerinin-akibetinin-degerlendirilmesi\/","name":"Soka\u011fa \u00c7\u0131kma Yasa\u011f\u0131 Neticesinde 20 Ya\u015f Alt\u0131 ile 65 Ya\u015f \u00dcst\u00fc \u00c7al\u0131\u015fanlar\u0131n \u0130\u015f S\u00f6zle\u015fmelerinin Ak\u0131betinin De\u011ferlendirilmesi | Narter &amp; Partners","isPartOf":{"@id":"https:\/\/www.narterlaw.com\/#website"},"primaryImageOfPage":{"@id":"https:\/\/www.narterlaw.com\/en\/sokaga-cikma-yasagi-neticesinde-20-yas-alti-ile-65-yas-ustu-calisanlarin-is-sozlesmelerinin-akibetinin-degerlendirilmesi\/#primaryimage"},"image":{"@id":"https:\/\/www.narterlaw.com\/en\/sokaga-cikma-yasagi-neticesinde-20-yas-alti-ile-65-yas-ustu-calisanlarin-is-sozlesmelerinin-akibetinin-degerlendirilmesi\/#primaryimage"},"thumbnailUrl":"https:\/\/www.narterlaw.com\/wp-content\/uploads\/2020\/04\/bilginot_421.png","datePublished":"2020-04-06T11:32:25+00:00","breadcrumb":{"@id":"https:\/\/www.narterlaw.com\/en\/sokaga-cikma-yasagi-neticesinde-20-yas-alti-ile-65-yas-ustu-calisanlarin-is-sozlesmelerinin-akibetinin-degerlendirilmesi\/#breadcrumb"},"inLanguage":"en-US","potentialAction":[{"@type":"ReadAction","target":["https:\/\/www.narterlaw.com\/en\/sokaga-cikma-yasagi-neticesinde-20-yas-alti-ile-65-yas-ustu-calisanlarin-is-sozlesmelerinin-akibetinin-degerlendirilmesi\/"]}]},{"@type":"ImageObject","inLanguage":"en-US","@id":"https:\/\/www.narterlaw.com\/en\/sokaga-cikma-yasagi-neticesinde-20-yas-alti-ile-65-yas-ustu-calisanlarin-is-sozlesmelerinin-akibetinin-degerlendirilmesi\/#primaryimage","url":"https:\/\/www.narterlaw.com\/wp-content\/uploads\/2020\/04\/bilginot_421.png","contentUrl":"https:\/\/www.narterlaw.com\/wp-content\/uploads\/2020\/04\/bilginot_421.png","width":1023,"height":518},{"@type":"BreadcrumbList","@id":"https:\/\/www.narterlaw.com\/en\/sokaga-cikma-yasagi-neticesinde-20-yas-alti-ile-65-yas-ustu-calisanlarin-is-sozlesmelerinin-akibetinin-degerlendirilmesi\/#breadcrumb","itemListElement":[{"@type":"ListItem","position":1,"name":"Anasayfa","item":"https:\/\/www.narterlaw.com\/en\/"},{"@type":"ListItem","position":2,"name":"Soka\u011fa \u00c7\u0131kma Yasa\u011f\u0131 Neticesinde 20 Ya\u015f Alt\u0131 ile 65 Ya\u015f \u00dcst\u00fc \u00c7al\u0131\u015fanlar\u0131n \u0130\u015f S\u00f6zle\u015fmelerinin Ak\u0131betinin De\u011ferlendirilmesi"}]},{"@type":"WebSite","@id":"https:\/\/www.narterlaw.com\/#website","url":"https:\/\/www.narterlaw.com\/","name":"Narter &amp; Partners","description":"Narter &amp; Partners","publisher":{"@id":"https:\/\/www.narterlaw.com\/#organization"},"potentialAction":[{"@type":"SearchAction","target":{"@type":"EntryPoint","urlTemplate":"https:\/\/www.narterlaw.com\/?s={search_term_string}"},"query-input":{"@type":"PropertyValueSpecification","valueRequired":true,"valueName":"search_term_string"}}],"inLanguage":"en-US"},{"@type":"Organization","@id":"https:\/\/www.narterlaw.com\/#organization","name":"narterlaw","url":"https:\/\/www.narterlaw.com\/","logo":{"@type":"ImageObject","inLanguage":"en-US","@id":"https:\/\/www.narterlaw.com\/#\/schema\/logo\/image\/","url":"https:\/\/www.narterlaw.com\/wp-content\/uploads\/2020\/05\/narterpartners-logo.png","contentUrl":"https:\/\/www.narterlaw.com\/wp-content\/uploads\/2020\/05\/narterpartners-logo.png","width":132,"height":50,"caption":"narterlaw"},"image":{"@id":"https:\/\/www.narterlaw.com\/#\/schema\/logo\/image\/"}},{"@type":"Person","@id":"https:\/\/www.narterlaw.com\/#\/schema\/person\/669f761d161a26a6776d10c1db0f5f24","name":"admin","image":{"@type":"ImageObject","inLanguage":"en-US","@id":"https:\/\/www.narterlaw.com\/#\/schema\/person\/image\/","url":"https:\/\/secure.gravatar.com\/avatar\/ca62748feb9a0364b7dcad459815128c?s=96&d=mm&r=g","contentUrl":"https:\/\/secure.gravatar.com\/avatar\/ca62748feb9a0364b7dcad459815128c?s=96&d=mm&r=g","caption":"admin"},"sameAs":["http:\/\/narter.korkutads.com"]}]}},"_links":{"self":[{"href":"https:\/\/www.narterlaw.com\/en\/wp-json\/wp\/v2\/posts\/819","targetHints":{"allow":["GET"]}}],"collection":[{"href":"https:\/\/www.narterlaw.com\/en\/wp-json\/wp\/v2\/posts"}],"about":[{"href":"https:\/\/www.narterlaw.com\/en\/wp-json\/wp\/v2\/types\/post"}],"author":[{"embeddable":true,"href":"https:\/\/www.narterlaw.com\/en\/wp-json\/wp\/v2\/users\/1"}],"replies":[{"embeddable":true,"href":"https:\/\/www.narterlaw.com\/en\/wp-json\/wp\/v2\/comments?post=819"}],"version-history":[{"count":0,"href":"https:\/\/www.narterlaw.com\/en\/wp-json\/wp\/v2\/posts\/819\/revisions"}],"wp:featuredmedia":[{"embeddable":true,"href":"https:\/\/www.narterlaw.com\/en\/wp-json\/wp\/v2\/media\/820"}],"wp:attachment":[{"href":"https:\/\/www.narterlaw.com\/en\/wp-json\/wp\/v2\/media?parent=819"}],"wp:term":[{"taxonomy":"category","embeddable":true,"href":"https:\/\/www.narterlaw.com\/en\/wp-json\/wp\/v2\/categories?post=819"},{"taxonomy":"post_tag","embeddable":true,"href":"https:\/\/www.narterlaw.com\/en\/wp-json\/wp\/v2\/tags?post=819"}],"curies":[{"name":"wp","href":"https:\/\/api.w.org\/{rel}","templated":true}]}}