{"id":815,"date":"2020-04-16T14:29:24","date_gmt":"2020-04-16T11:29:24","guid":{"rendered":"https:\/\/www.narterlaw.com\/organize-sanayi-bolgeleri-uygulama-yonetmeligi-degisikligi-ile-ilgili-degerlendirmeler\/"},"modified":"2020-04-16T14:29:24","modified_gmt":"2020-04-16T11:29:24","slug":"organize-sanayi-bolgeleri-uygulama-yonetmeligi-degisikligi-ile-ilgili-degerlendirmeler","status":"publish","type":"post","link":"https:\/\/www.narterlaw.com\/en\/organize-sanayi-bolgeleri-uygulama-yonetmeligi-degisikligi-ile-ilgili-degerlendirmeler\/","title":{"rendered":"Organize Sanayi B\u00f6lgeleri Uygulama Y\u00f6netmeli\u011fi De\u011fi\u015fikli\u011fi \u0130le \u0130lgili De\u011ferlendirmeler"},"content":{"rendered":"<p>2\/2\/2019 tarihli ve 30674 say\u0131l\u0131 Resm\u00ee Gazete\u2019de yay\u0131mlanan Organize Sanayi B\u00f6lgeleri Uygulama Y\u00f6netmeli\u011fi (\u2018\u2019<b>Y\u00f6netmelik<\/b>\u2019\u2019), 16.04.2020 tarihli ve 31101 say\u0131l\u0131 Resmi Gazete\u2019de yay\u0131mlanan Organize Sanayi B\u00f6lgeleri Uygulama Y\u00f6netmeli\u011finde De\u011fi\u015fiklik Yap\u0131lmas\u0131na Dair Y\u00f6netmelik ile revize edilmi\u015ftir. \u015e\u00f6yle ki;<\/p>\n<ol>\n<li><b><\/b>Y\u00f6netmelik\u2019in 3\u2019\u00fcnc\u00fc maddesi; <i>\u2018\u2019Abone: OSB\u2019de, elektrik, su, do\u011falgaz ve benzeri altyap\u0131 hizmetlerini kullanan kat\u0131l\u0131mc\u0131y\u0131 veya di\u011fer ki\u015fileri\u2026\u2019\u2019 <\/i>\u015feklinde olup, abone tan\u0131m\u0131ndan \u201c<b><i>elektrik, su, do\u011falgaz ve benzeri\u201d <\/i><\/b>ibaresi y\u00fcr\u00fcrl\u00fckten kald\u0131r\u0131lm\u0131\u015ft\u0131r.<\/li>\n<\/ol>\n<ol start=\"2\">\n<li><b><\/b>Y\u00f6netmelik\u2019in 5\u2019inci maddesi; <i>\u2018\u2019\u00d6zel OSB\u2019lerin, t\u00fczel ki\u015filik kazanabilmesi i\u00e7in; a) OSB\u2019yi kuran ger\u00e7ek veya t\u00fczel ki\u015filer ad\u0131na ta\u015f\u0131nmaz\u0131n kay\u0131tl\u0131 oldu\u011funu g\u00f6sterir tapunun ibraz\u0131, b) Tapusu ibraz edilen ta\u015f\u0131nmaz\u0131n, OSB Yer Se\u00e7imi Y\u00f6netmeli\u011fine uygun oldu\u011funun ve OSB s\u0131n\u0131r\u0131n\u0131n Bakanl\u0131k\u00e7a onaylanmas\u0131,\u015fartlar\u0131 aran\u0131r.\u2019\u2019 <\/i>\u015feklinde olup, \u201c<i>tapunun ibraz\u0131\u201d ibaresi \u201ctapu bilgileri\u201d, (b) bendinde yer alan \u201cTapusu ibraz\u201d ibaresi \u201cTapu bilgileri beyan\u201d <\/i>\u015feklinde de\u011fi\u015ftirilmi\u015f, ayn\u0131 maddeye alt\u0131nc\u0131 f\u0131kras\u0131ndan sonra gelmek \u00fczere a\u015fa\u011f\u0131da yer alan f\u0131kra eklenmi\u015f ve sonraki f\u0131kra buna g\u00f6re tesels\u00fcl ettirilmi\u015ftir.<\/li>\n<\/ol>\n<p><i>\u201c(7) OSB\u2019lerin kurulu\u015f a\u015famas\u0131nda karma ya da ihtisas olarak belirlenen OSB t\u00fcr\u00fc, m\u00fcte\u015febbis heyet veya genel kurul karar\u0131 al\u0131nmas\u0131 \u015fart\u0131yla, Bakanl\u0131k onay\u0131 ile de\u011fi\u015ftirilebilir.\u201d<\/i><\/p>\n<ol start=\"3\">\n<li><b><\/b>Y\u00f6netmelik\u2019in 9\u2019uncu maddesi 2\u2019nci f\u0131kras\u0131; \u2018<i>\u2019M\u00fcte\u015febbis heyet, birinci f\u0131krada bahsedilen s\u00fcrece ili\u015fkin doluluk oran\u0131n\u0131n tespitini yapar ve en ge\u00e7 bir hafta i\u00e7inde Bakanl\u0131\u011fa bildirir.\u2019\u2019 <\/i>\u015feklinde olup, <b>\u201cM\u00fcte\u015febbis heyet\u201d ibaresi \u201cY\u00f6netim kurulu\u201d \u015feklinde de\u011fi\u015ftirilmi\u015ftir.<\/b><\/li>\n<li><b><i><\/i><\/b>Y\u00f6netmelik\u2019in 11\u2019inci maddesi; 2 ve 3\u2019\u00fcnc\u00fc f\u0131kras\u0131; \u2018\u2019 <i>(2) M\u00fcte\u015febbis heyet, genel kurul olu\u015fum s\u00fcrecine ili\u015fkin doluluk oran\u0131n\u0131n tespitini yapar ve en ge\u00e7 bir hafta i\u00e7inde Bakanl\u0131\u011fa bildirir. Y\u00f6netim kurulu, parsellerin 1\/2\u2019sinin i\u015fyeri a\u00e7ma ve \u00e7al\u0131\u015fma ruhsat\u0131 almas\u0131 h\u00e2linde, belgelerin birer suretini Bakanl\u0131\u011fa<\/i><i> <\/i><i>g\u00f6nderir.<\/i><\/li>\n<\/ol>\n<p><i>(3) Bakanl\u0131k, belgelerin tamamlanmas\u0131n\u0131 takip eden 15 g\u00fcn i\u00e7inde ilk genel kurulu toplamas\u0131 talimat\u0131n\u0131 m\u00fcte\u015febbis heyete g\u00f6nderir. M\u00fcte\u015febbis heyet ilk genel kurulu, Bakanl\u0131k talimat\u0131n\u0131n tebli\u011fi tarihini takip eden 6 ay i\u00e7inde toplar.\u2019\u2019<\/i><i> <\/i>\u015feklindeyken,<\/p>\n<p><i>\u201c(2) Y\u00f6netim kurulu, OSB doluluk oranlar\u0131n\u0131 takip eder, parsellerin 1\/2&#8217;sinin i\u015fyeri a\u00e7ma ve \u00e7al\u0131\u015fma ruhsat\u0131 almas\u0131 h\u00e2linde, en ge\u00e7 bir hafta i\u00e7inde durumu Bakanl\u0131\u011fa bildirir ve i\u015f yeri a\u00e7ma ve \u00e7al\u0131\u015fma ruhsatlar\u0131n\u0131n birer suretini Bakanl\u0131\u011fa g\u00f6nderir.<\/i><\/p>\n<ol start=\"3\">\n<li><i><\/i><i>Bakanl\u0131k, belgelerin tamamlanmas\u0131n\u0131 takip eden 15 g\u00fcn i\u00e7inde ilk genel kurulu toplamas\u0131 talimat\u0131n\u0131 OSB\u2019ye bildirir. Y\u00f6netim kurulu, ilk genel kurulu, Bakanl\u0131k talimat\u0131n\u0131n tebli\u011fi tarihini takip eden 6 ay i\u00e7inde toplar.\u201d <\/i>\u015feklinde revize edilmi\u015ftir.<\/li>\n<\/ol>\n<p>Y\u00f6netmelik\u2019in 11 \u2018inci maddesi 6\u2019nc\u0131 f\u0131kras\u0131; \u2018\u2019<i>(6) M\u00fcte\u015febbis heyetin g\u00f6reve devam etmesi durumunda; g\u00fcndemdeki y\u00f6netim ve denetim kurulu \u00fcyelerinin se\u00e7imine ili\u015fkin madde g\u00f6r\u00fc\u015f\u00fclmeyerek yerine m\u00fcte\u015febbis heyete kat\u0131lacak \u00fcyelerin se\u00e7imi ile dilek ve temenniler maddesi g\u00f6r\u00fc\u015f\u00fcl\u00fcr. Genel kurulda m\u00fcte\u015febbis heyete 8 as\u0131l ve 8 yedek \u00fcye se\u00e7ilir. Genel kurulu takip eden hafta i\u00e7inde m\u00fcte\u015febbis heyet toplanarak 9 uncu maddenin sekizinci f\u0131kras\u0131na g\u00f6re gerekli \u00fcye de\u011fi\u015fikli\u011fi ile y\u00f6netim kurulu ve denetim kurulu \u00fcyelerinin se\u00e7imini yapar ve sonucu Bakanl\u0131\u011fa g\u00f6nderir. Yeni olu\u015fan m\u00fcte\u015febbis heyet, y\u00f6netim kurulu ve denetim kurulu \u00fcyelerinin 4 y\u0131ll\u0131k g\u00f6rev s\u00fcreleri ba\u015flar.\u2019\u2019 <\/i>\u015feklindeyken, <i>\u201cy\u00f6netim ve denetim kurulu \u00fcyelerinin se\u00e7imine ili\u015fkin madde g\u00f6r\u00fc\u015f\u00fclmeyerek yerine\u201d ibaresi \u201cdi\u011fer maddeler g\u00f6r\u00fc\u015f\u00fclmeyerek\u201d \u015feklinde, ayn\u0131 f\u0131kran\u0131n ikinci c\u00fcmlesinde yer alan \u201c8\u201d ibareleri \u201c9\u201d <\/i>\u015feklinde de\u011fi\u015ftirilmi\u015ftir.<\/p>\n<ol start=\"5\">\n<li><b><\/b>Y\u00f6netmelik\u2019in 13\u2019\u00fcnc\u00fc maddesi 1\u2019inci f\u0131kras\u0131; <i>\u2018\u2019(1) \u0130lk genel kurulda, m\u00fcte\u015febbis heyetin genel kurul yap\u0131lmas\u0131na ili\u015fkin ald\u0131\u011f\u0131 karar, toplant\u0131 \u00e7a\u011fr\u0131s\u0131 olarak kabul edilir. \u00c7a\u011fr\u0131ya ili\u015fkin i\u015flemler y\u00f6netim kurulu taraf\u0131ndan y\u00fcr\u00fct\u00fcl\u00fcr. Sonraki ola\u011fan genel kurullarda genel kurul \u00e7a\u011fr\u0131s\u0131 ve \u00e7a\u011fr\u0131ya ili\u015fkin i\u015flemler y\u00f6netim kurulu taraf\u0131ndan yap\u0131l\u0131r.\u2019\u2019 <\/i>\u015feklindeyken, \u2018<i>\u2019<\/i><b><i>(1) Ola\u011fan genel kurullarda genel kurul \u00e7a\u011fr\u0131s\u0131 ve \u00e7a\u011fr\u0131ya ili\u015fkin i\u015flemler y\u00f6netim kurulu taraf\u0131ndan yap\u0131l\u0131r<\/i>.\u201d <\/b>\u015feklinde revize edilmi\u015ftir.<\/li>\n<\/ol>\n<p>Y\u00f6netmelik\u2019in 13\u2019\u00fcnc\u00fc maddesi 2\u2019nci ve 3\u2019\u00fcnc\u00fc f\u0131kras\u0131; \u2018\u2019<i>(2) \u0130lk genel kurul i\u00e7in genel kurul \u015fartlar\u0131 olu\u015ftu\u011fu halde \u00e7a\u011fr\u0131n\u0131n yap\u0131lmamas\u0131 durumlar\u0131nda \u00e7a\u011fr\u0131, denetim kurulu ya da Bakanl\u0131k taraf\u0131ndan da yap\u0131labilir.\u2019\u2019, (3) M\u00fcte\u015febbis heyetin g\u00f6revinin sona erdi\u011fi genel kurula ge\u00e7en OSB\u2019lerde, d\u00f6rt kat\u0131l\u0131mc\u0131dan az olmamak \u015fart\u0131yla, toplam kat\u0131l\u0131mc\u0131 say\u0131s\u0131n\u0131n en az 1\/4\u2019\u00fcn\u00fcn ba\u015fvurusu halinde, 15 g\u00fcn i\u00e7inde y\u00f6netim kurulu taraf\u0131ndan ola\u011fan\u00fcst\u00fc genel kurul yap\u0131lmas\u0131na ili\u015fkin karar al\u0131narak genel kurul toplant\u0131ya \u00e7a\u011fr\u0131l\u0131r. Bu ba\u015fvuru, m\u00fc\u015ftereken ve noter tebligat\u0131 ile yap\u0131l\u0131r.\u2019\u2019 <\/i>\u015feklindeyken \u201cdenetim kurulu ya da\u201d ibaresi, \u00fc\u00e7\u00fcnc\u00fc f\u0131kras\u0131nda yer alan \u201c<i>M\u00fcte\u015febbis heyetin g\u00f6revinin sona erdi\u011fi genel kurula ge\u00e7en OSB\u2019lerde,\u201d <\/i>ibaresi ve d\u00f6rd\u00fcnc\u00fc f\u0131kras\u0131 y\u00fcr\u00fcrl\u00fckten kald\u0131r\u0131lm\u0131\u015ft\u0131r.<\/p>\n<p><b> 6. <\/b>Y\u00f6netmelik\u2019in 14\u2019\u00fcnc\u00fc maddesi; \u2018\u2019 (<i>1) Ola\u011fan ve ola\u011fan\u00fcst\u00fc toplant\u0131lara \u00e7a\u011fr\u0131; kargo, iadeli taahh\u00fctl\u00fc mektupla veya imza kar\u015f\u0131l\u0131\u011f\u0131 yap\u0131l\u0131r.<\/i>\u2019\u2019 \u015feklinde olup, bu h\u00fckme <b><i>\u201ckay\u0131tl\u0131 elektronik posta sistemi<\/i><\/b><i>,\u201d <\/i>ibaresi eklenmi\u015ftir.<\/p>\n<p>&nbsp;<\/p>\n<ul>\n<li><b><i><\/i><\/b>Y\u00f6netmelik\u2019in 19\u2019uncu maddesinin birinci f\u0131kras\u0131n\u0131n ba\u015f\u0131na \u015fu c\u00fcmle eklenmi\u015ftir: <b><i>\u201cGenel kurulda, yap\u0131 kullanma izni al\u0131nm\u0131\u015f olan her parsel i\u00e7in bir oy kullan\u0131l\u0131r.\u201d<\/i><\/b><\/li>\n<\/ul>\n<p>&nbsp;<\/p>\n<ol start=\"8\">\n<li><b><\/b>Y\u00f6netmelik\u2019in 23 \u00fcnc\u00fc maddesinin birinci f\u0131kras\u0131n\u0131n (bb) bendinden sonra gelmek \u00fczere a\u015fa\u011f\u0131daki bent eklenmi\u015f, ikinci f\u0131kras\u0131nda yer alan \u201cf\u0131kran\u0131n\u201d ibaresinden sonra gelmek \u00fczere <i>\u201c(g), (h),\u201d <\/i>ibaresi eklenmi\u015ftir.<\/li>\n<\/ol>\n<p><i>\u201ccc) Ba\u011f\u0131\u015f yap\u0131lmas\u0131na karar almak ve bu karar\u0131 Bakanl\u0131k Makam\u0131n\u0131n onay\u0131na sunmak.\u201d<\/i><\/p>\n<ol start=\"9\">\n<li><b><\/b><i>Y\u00f6netmelik\u2019in 25\u2019inci maddesi 1\u2019inci ve 2\u2019nci f\u0131kras\u0131; <\/i>\u2018<i>\u2019 (1) M\u00fcte\u015febbis heyetin g\u00f6revinin devam etti\u011fi OSB\u2019lerde y\u00f6netim kurulu, m\u00fcte\u015febbis heyetin veya genel kurulun en az d\u00f6rd\u00fc kendi \u00fcyeleri aras\u0131ndan olmak \u00fczere se\u00e7ece\u011fi 5 as\u0131l 5 yedek \u00fcyeden olu\u015fur.\u2019\u2019 (2) M\u00fcte\u015febbis heyetin g\u00f6revinin sona erdi\u011fi genel kurula ge\u00e7en OSB\u2019lerde, genel kurul taraf\u0131ndan karar al\u0131nmas\u0131 \u015fart\u0131 ile y\u00f6netim kurulu \u00fcye say\u0131s\u0131 en az 5 en fazla 11 olarak belirlenebilir. Genel kurula ge\u00e7en ve m\u00fcte\u015febbis heyetin sona erdi\u011fi OSB\u2019lerde y\u00f6netim kurulu \u00fcyelerinin se\u00e7im listelerinde, OSB\u2019nin kurulu\u015funa kat\u0131lan oda\/odalar\u0131n \u00fcyesi olan ve OSB\u2019de faaliyet g\u00f6steren yap\u0131 kullanma izni alm\u0131\u015f kat\u0131l\u0131mc\u0131lar aras\u0131ndan bir as\u0131l ve bir yedek adaya yer verilir.\u2019\u2019 <\/i>\u015feklindeyken, <i>\u2018\u2019veya genel kurulun\u201d <\/i>ibaresi ile ikinci f\u0131kras\u0131n\u0131n ikinci c\u00fcmlesi y\u00fcr\u00fcrl\u00fckten kald\u0131r\u0131lm\u0131\u015ft\u0131r.<\/li>\n<\/ol>\n<p>Y\u00f6netmelik\u2019in 13\u2019\u00fcnc\u00fc maddesi sekizinci f\u0131kras\u0131 a\u015fa\u011f\u0131daki \u015fekilde de\u011fi\u015ftirilmi\u015ftir:<\/p>\n<p><i>\u201c(8) Herhangi bir sebeple y\u00f6netim kurulu \u00fcyeli\u011finin bo\u015falmas\u0131 halinde; m\u00fcte\u015febbis heyet a\u015famas\u0131nda olan OSB\u2019lerde, bo\u015falan \u00fcyenin yerine mensup oldu\u011fu kurumun ilk s\u0131radaki yedek \u00fcyesi, kat\u0131l\u0131mc\u0131lar taraf\u0131ndan veya genel kurulca se\u00e7ilen \u00fcyelerde ilk s\u0131radaki yedek \u00fcye, genel kurulunu yapm\u0131\u015f ve m\u00fcte\u015febbis heyetin sona erdi\u011fi OSB\u2019lerde ise s\u0131radaki yedek \u00fcye ge\u00e7erek kalan s\u00fcreyi tamamlar. Y\u00f6netim kurulunun toplant\u0131 yeter say\u0131s\u0131n\u0131 kaybetmesi halinde; bo\u015falan \u00fcyeliklere, gecikmeksizin s\u0131ras\u0131yla yeteri kadar yedek \u00fcye kalan y\u00f6netim kurulu \u00fcyeleri taraf\u0131ndan<\/i><i> <\/i><i>\u00e7a\u011fr\u0131l\u0131r.\u201d<\/i><\/p>\n<ol start=\"10\">\n<li><b><\/b>Y\u00f6netmelik\u2019in 26\u2019nc\u0131 maddesinin alt\u0131nc\u0131 f\u0131kras\u0131n\u0131n ikinci c\u00fcmlesinde yer alan <i>\u2019\u2019M\u00fcte\u015febbis heyet\/genel kurul toplant\u0131s\u0131na kat\u0131lanlar\u0131n salt \u00e7o\u011funlu\u011funun kabul etmesi halinde y\u00f6netim kurulu se\u00e7imi yap\u0131l\u0131r. Se\u00e7ilen \u00fcyeler, kalan s\u00fcreyi tamamlar.\u2019\u2019 <\/i>ifadesi <b><i>\u201cy\u00f6netim ve denetim kurulu ile OSB\u00dcK temsilcilerinin se\u00e7imi yap\u0131labilir.\u201d <\/i><\/b>\u015feklinde de\u011fi\u015ftirilmi\u015ftir.<\/li>\n<\/ol>\n<p><b> 11. <\/b>Y\u00f6netmelik\u2019in 28 inci maddesinin \u00fc\u00e7\u00fcnc\u00fc f\u0131kras\u0131 a\u015fa\u011f\u0131daki \u015fekilde de\u011fi\u015ftirilmi\u015ftir.<\/p>\n<p><i>\u201c(3) Herhangi bir sebeple denetim kurulu \u00fcyeli\u011finin bo\u015falmas\u0131 halinde, yerlerine s\u0131radaki yedek \u00fcye ge\u00e7erek kalan s\u00fcreyi tamamlar. Yedek \u00fcyelerin \u00e7a\u011fr\u0131lmas\u0131na ra\u011fmen tek denetim kurulu \u00fcyesi kalmas\u0131 halinde, m\u00fcte\u015febbis heyet a\u015famas\u0131ndaki OSB\u2019lerde m\u00fcte\u015febbis heyet taraf\u0131ndan denetim kurulu bo\u015f ve yedek \u00fcyelikleri i\u00e7in se\u00e7im yap\u0131l\u0131r. Genel kurul a\u015famas\u0131ndaki OSB\u2019lerde mevcut \u00fcye, ilk genel kurula kadar g\u00f6rev yapmak \u00fczere haz\u0131run cetvelinde yer alan bir ki\u015fiyi se\u00e7erek g\u00f6reve \u00e7a\u011f\u0131r\u0131r. Yedek \u00fcyelerin \u00e7a\u011fr\u0131lmas\u0131na ra\u011fmen denetim kurulu \u00fcyesi kalmamas\u0131 halinde, genel kurul ola\u011fan\u00fcst\u00fc toplant\u0131ya \u00e7a\u011fr\u0131larak genel kurulda denetim kurulu bo\u015f ve yedek \u00fcyelikleri i\u00e7in se\u00e7im<\/i><i> <\/i><i>yap\u0131l\u0131r.\u201d<\/i><\/p>\n<ol start=\"12\">\n<li><b><i><\/i><\/b>Y\u00f6netmelik\u2019in 29 uncu maddesinin birinci f\u0131kras\u0131n\u0131n (d) bendi y\u00fcr\u00fcrl\u00fckten kald\u0131r\u0131lm\u0131\u015ft\u0131r. \u2018\u2019 <i>Denetim kurulunun g\u00f6rev ve yetkileri \u015funlard\u0131r: d) Gerekli hallerde genel kurulu ola\u011fan\u00fcst\u00fc toplant\u0131ya<\/i><i> <\/i><i>\u00e7a\u011f\u0131rmak,\u2019\u2019<\/i><\/li>\n<\/ol>\n<ol start=\"13\">\n<li><b><\/b>Y\u00f6netmelik\u2019in 31 inci maddesinin birinci f\u0131kras\u0131nda yer alan <i>\u2018\u2019(1) M\u00fcte\u015febbis heyet ile y\u00f6netim ve denetim kurullar\u0131n\u0131n \u00fcyelerine, m\u00fcte\u015febbis heyet taraf\u0131ndan ayl\u0131k ya da toplant\u0131 ba\u015f\u0131na tespit edilen tutarda huzur hakk\u0131 \u00f6denebilir.\u2019\u2019 <\/i>\u0130fadesinden \u201cayl\u0131k ya da\u201d ibaresi ile d\u00f6rd\u00fcnc\u00fc f\u0131kras\u0131nda yer alan <i>\u2018\u2019OSB organlar\u0131nda g\u00f6rev alan ancak temsil etti\u011fi kuruma se\u00e7imle gelen ki\u015filer hari\u00e7 olmak \u00fczere, 631 say\u0131l\u0131 Kanun H\u00fckm\u00fcnde Kararnamenin 12 nci maddesi kapsam\u0131na giren kamu g\u00f6revlilerinden, g\u00f6rev ald\u0131klar\u0131 kurum ve kurulu\u015flar\u0131n\u0131 temsilen; ba\u015fkaca y\u00f6netim kurulu, denetim kurulu, tasfiye kurulu, dan\u0131\u015fma kurulu \u00fcyelikleri, komisyon, heyet ve komite ile ve benzeri organlar\u0131nda g\u00f6rev al\u0131p almad\u0131klar\u0131na ve bu g\u00f6revler nedeniyle kendisine herhangi bir \u00f6deme yap\u0131lmad\u0131\u011f\u0131na dair yaz\u0131l\u0131 beyan al\u0131nmas\u0131 \u015fart\u0131yla huzur hakk\u0131 veya ayl\u0131k \u00f6demesi yap\u0131labilir. \u201c <\/i>ifadesinden \u2018\u2019ancak temsil etti\u011fi kuruma se\u00e7imle gelen ki\u015filer hari\u00e7 olmak \u00fczere,\u201d ibaresi y\u00fcr\u00fcrl\u00fckten kald\u0131r\u0131lm\u0131\u015ft\u0131r.<\/li>\n<\/ol>\n<ol start=\"14\">\n<li><b><\/b>Y\u00f6netmelik\u2019in 36 nc\u0131 maddesi a\u015fa\u011f\u0131daki \u015fekilde de\u011fi\u015ftirilmi\u015ftir.<\/li>\n<\/ol>\n<p><i>\u201c<\/i><b><i>MADDE 36 <\/i><\/b><i>\u2013 (1) \u0130mar plan\u0131nda, OSB\u2019nin \u00f6zelli\u011fi ve ihtiya\u00e7lar\u0131 g\u00f6z \u00f6n\u00fcne al\u0131narak bu Y\u00f6netmelikle belirlenen ko\u015fullara uygun olarak sanayi parselleri, ortak kullan\u0131m alanlar\u0131, hizmet ve destek alanlar\u0131, sa\u011fl\u0131k koruma band\u0131 ve benzerleri ile birlikte arazi kullan\u0131m kararlar\u0131 yer<\/i><i> <\/i><i>al\u0131r.<\/i><\/p>\n<ol start=\"14\">\n<li style=\"list-style-type: none;\">\n<ol start=\"2\">\n<li><i><\/i><i>Sanayi parsellerinde yap\u0131la\u015fma ko\u015fullar\u0131, Y en\u00e7ok = serbest, \u00fcretim teknolojisinin gerektirdi\u011fi<\/i><i> <\/i><i>y\u00fckseklik,<\/i><\/li>\n<\/ol>\n<\/li>\n<\/ol>\n<p><i>Emsal: Kat Alan\u0131 Katsay\u0131s\u0131 = 0.70 olarak belirlenen b\u00f6lgelerde toplam b\u00f6lge b\u00fcy\u00fckl\u00fc\u011f\u00fcn\u00fcn en az %8\u2019i kadar,<\/i><\/p>\n<p><i>Emsal: Kat Alan\u0131 Katsay\u0131s\u0131 = 1.00 olarak belirlenen b\u00f6lgelerde toplam b\u00f6lge b\u00fcy\u00fckl\u00fc\u011f\u00fcn\u00fcn en az % 10\u2019u kadar,<\/i><\/p>\n<p><i>OSB m\u00fclkiyet ve tasarrufunda kalan ve ortak kullan\u0131m alanlar\u0131ndan say\u0131lan zorunlu idari, sosyal, ticari ve teknik altyap\u0131 alanlar\u0131 ile ar\u0131tma tesisi alan\u0131 ve aktif ye\u015fil alanlar i\u00e7in alan<\/i><\/p>\n<p><i>ayr\u0131l\u0131r. Ancak onayl\u0131 bir plan kapsam\u0131nda yap\u0131la\u015fmas\u0131n\u0131 tamamlam\u0131\u015f olan ve ortak kullan\u0131m alanlar\u0131 yukar\u0131daki oranlar\u0131n alt\u0131nda kalan OSB\u2019lerde, mevcut durum m\u00fcktesep kabul edilir. Bu OSB\u2019lere, ilave alan amac\u0131yla yer se\u00e7imi olmas\u0131 halinde, ilave edilen alan\u0131n en az %10\u2019u ortak kullan\u0131m alan\u0131 olarak ayr\u0131l\u0131r. Yukar\u0131daki oranlar dahilinde sanayi parsellerinin yap\u0131la\u015fma ko\u015fullar\u0131nda art\u0131\u015f \u00f6nerilmesi durumunda ortak kullan\u0131m alanlar\u0131 da gerekli oranlarda ayr\u0131l\u0131r.<\/i><\/p>\n<ol start=\"14\">\n<li style=\"list-style-type: none;\">\n<ol start=\"3\">\n<li><i><\/i><i>Ortak kullan\u0131m alanlar\u0131nda KAKS=1.00 olup minimum yap\u0131 yakla\u015fma mesafesi 5 metredir. Onayl\u0131 imar planlar\u0131nda, OSB m\u00fclkiyetinde bulunan ortak kullan\u0131m alanlar\u0131n\u0131n, yap\u0131la\u015fma ko\u015fullar\u0131n\u0131n gerektirdi\u011fi oranlar\u0131n \u00fczerinde olmas\u0131 ve OSB taraf\u0131ndan ihtiya\u00e7 olmad\u0131\u011f\u0131n\u0131n belirtilmesi ve gerekli durumlarda ilgili kurumlar nezdinde belgelenmesi halinde; park ve otopark alanlar\u0131 hari\u00e7 zorunlu oranlar\u0131n \u00fcst\u00fcnde kalan donat\u0131 alanlar\u0131 OSB\u2019nin ihtiyac\u0131 do\u011frultusunda<\/i><i> <\/i><i>de\u011ferlendirilebilir.<\/i><\/li>\n<li><i><\/i><i>OSB\u2019nin imar planlar\u0131nda, b\u00f6lge b\u00fcy\u00fckl\u00fc\u011f\u00fcn\u00fcn %10\u2019unu ge\u00e7memek \u00fczere, kat\u0131l\u0131mc\u0131 veya kirac\u0131lara y\u00f6nelik k\u00fc\u00e7\u00fck imalat ve tamirat, ticaret, e\u011fitim ve sa\u011fl\u0131k hizmetleri i\u00e7in hizmet ve destek alanlar\u0131 ayr\u0131labilir. Ancak, bu alanlar, ortak kullan\u0131m alan\u0131 olarak de\u011ferlendirilmez, imar tadilat\u0131na konu edilmesi halinde kar\u015f\u0131l\u0131\u011f\u0131 aranmaz, 3000 m2\u2019 den k\u00fc\u00e7\u00fck parsel olu\u015fturulamaz. Hizmet ve destek alan\u0131 olarak ayr\u0131lm\u0131\u015f k\u00fc\u00e7\u00fck imalat ve tamirat alanlar\u0131 hari\u00e7 bu alanlarda KAKS=1.00 olup minimum yap\u0131 yakla\u015fma mesafesi 10 m, olarak b\u0131rak\u0131l\u0131r. K\u00fc\u00e7\u00fck imalat ve tamirat alanlar\u0131nda, minimum 10 m. a\u00e7\u0131k \u00e7al\u0131\u015fma alan\u0131 ayr\u0131lmas\u0131,<span class=\"Apple-converted-space\">\u00a0 <\/span>h = 12.00 metreyi ge\u00e7memesi ko\u015fulu ile B\u00f6lge m\u00fcd\u00fcrl\u00fc\u011f\u00fc taraf\u0131ndan onaylanacak genel yerle\u015fim plan\u0131na g\u00f6re uygulama<\/i><i> <\/i><i>yap\u0131l\u0131r.<\/i><\/li>\n<li><i><\/i><i>Kanunun Ge\u00e7ici 5 inci maddesine g\u00f6re kurulmu\u015f olan OSB\u2019lerde, sanayi sitesi at\u00f6lye y\u00fckseklikleri 12 metreyi ge\u00e7emez. Bu y\u00fcksekli\u011fin \u00fcst\u00fcnde kalan ruhsatl\u0131 yap\u0131larda m\u00fcktesep haklar<\/i><i> <\/i><i>sakl\u0131d\u0131r.<\/i><\/li>\n<li><i><\/i><i>Emsal (KAKS), yap\u0131n\u0131n katlar alan\u0131 toplam\u0131n\u0131n parsel alan\u0131na oran\u0131ndan elde edilen say\u0131d\u0131r. Yap\u0131 emsali belirlenirken; zemin alt\u0131 ilk bodrum haricindeki bodrum katlar\u0131n % 25\u2019i, \u00e7ekme ve \u00e7at\u0131 kat\u0131 ile kapal\u0131 \u00e7\u0131kmalar<span class=\"Apple-converted-space\">\u00a0 <\/span>dahil<span class=\"Apple-converted-space\">\u00a0 <\/span>kullan\u0131labilen<span class=\"Apple-converted-space\">\u00a0 <\/span>b\u00fct\u00fcn<span class=\"Apple-converted-space\">\u00a0 <\/span>katlar\u0131n<span class=\"Apple-converted-space\">\u00a0 <\/span>toplam\u0131 hesaplan\u0131r. Bu hesaba; zemin alt\u0131 ilk bodrum kat, tek asma kat, tesisat b\u00f6l\u00fcmleri, \u0131\u015f\u0131kl\u0131klar, yang\u0131n merdivenleri, k\u00f6m\u00fcrl\u00fck, s\u0131\u011f\u0131nak, asans\u00f6r bo\u015fluklar\u0131, yang\u0131n g\u00fcvenlik hol\u00fc ve bodrum veya \u00e7at\u0131da yap\u0131lan otoparklar kat\u0131lmaz. Ancak emsal harici bodrum katlar ve asma kat\u0131n toplam\u0131; parselin toplam emsale esas alan\u0131n\u0131n % 30\u2019unu<\/i><i> <\/i><i>a\u015famaz.<\/i><\/li>\n<li><i><\/i><i>Bu Y\u00f6netmeli\u011fin Ek-2 say\u0131l\u0131 ekinde yer alan tabloda verilen geri \u00e7ekme mesafelerinde Bakanl\u0131k onay\u0131 al\u0131nmaks\u0131z\u0131n de\u011fi\u015fiklik yap\u0131lamaz. Ancak, teknik gerek\u00e7elerle belgelenen \u00fcretim plan\u0131 gere\u011fi verimli yat\u0131r\u0131m\u0131n ger\u00e7ekle\u015fmesi i\u00e7in zorunluluk olu\u015fmas\u0131 halinde dahi \u00e7evre ye\u015fili ve parsel i\u00e7i ring yolu toplam\u0131n\u0131n olu\u015fturdu\u011fu minimum mesafe a\u015f\u0131lamaz.<\/i><\/li>\n<li><i><\/i><i>\u00d6n geri \u00e7ekme mesafesini uzun kenardan kullanan parsellerde \u201cI\u201d katsay\u0131s\u0131 4\u2019ten az olmamak ko\u015fuluyla bir alt parsel tipinin \u00e7ekme mesafeleri uygulanabilir. Buna ra\u011fmen minimum 30 m. bina derinli\u011finin sa\u011flanmamas\u0131 durumunda 3000 \u20135000 m\u00b2 parsel tipinin \u00e7ekme mesafeleri uygulanabilir. Uygulama yap\u0131lacak<\/i><i> <\/i><i>parseller;<\/i><\/li>\n<\/ol>\n<\/li>\n<\/ol>\n<p><i>I=G-O\/D-X<\/i><\/p>\n<p><i>form\u00fcl\u00fc ile hesaplanacakt\u0131r.<\/i><\/p>\n<p><i>I = Katsay\u0131 4\u2019ten az oldu\u011fu takdirde bir alt parsel tipi \u00e7ekme mesafeleri uygulanamaz. G = Parsel Geni\u015fli\u011fi (Uzun Kenar)<\/i><\/p>\n<p><i>O = Yan \u00c7ekme Mesafeleri Toplam\u0131 D = Parsel Derinli\u011fi (K\u0131sa Kenar)<\/i><\/p>\n<p><i>X = \u00d6n Bah\u00e7e ve Arka Bah\u00e7e \u00c7ekme Mesafesi Toplam\u0131n\u0131 g\u00f6sterir.\u201d<\/i><\/p>\n<ol start=\"15\">\n<li><b><\/b>Y\u00f6netmelik\u2019in 41\u2019inci maddesinin ikinci f\u0131kras\u0131ndan sonra gelmek \u00fczere a\u015fa\u011f\u0131daki f\u0131kra eklenmi\u015f ve di\u011fer f\u0131kra buna g\u00f6re tesels\u00fcl ettirilmi\u015ftir.<\/li>\n<\/ol>\n<p><i>\u201c(3) \u0130ki veya daha fazla sanayi parselinde mevcut veya yap\u0131lacak yat\u0131r\u0131mlar\u0131n yerle\u015fiminin daha d\u00fczenli hale getirilmesi amac\u0131yla parsel s\u0131n\u0131rlar\u0131; s\u0131n\u0131r de\u011fi\u015fikli\u011finden etkilenecek kat\u0131l\u0131mc\u0131lar\u0131n tamam\u0131n\u0131n talebi ve muvafakati ile gerek\u00e7esi m\u00fcnhas\u0131ran Y\u00f6netim Kurulu Karar\u0131nda belirtilerek ifraz ya da tevhit yoluyla yeniden d\u00fczenlenebilir.\u201d<\/i><\/p>\n<ol start=\"16\">\n<li><b><\/b>Y\u00f6netmelik\u2019in 42\u2019nci maddesinin \u00fc\u00e7\u00fcnc\u00fc f\u0131kras\u0131nda yer alan <i>\u201cYukar\u0131da ad\u0131 ge\u00e7en projeler ile ayr\u0131ca<\/i>\u201d ibaresi y\u00fcr\u00fcrl\u00fckten kald\u0131r\u0131lm\u0131\u015ft\u0131r.<\/li>\n<\/ol>\n<ol start=\"17\">\n<li><b><\/b>Ayn\u0131 Y\u00f6netmeli\u011fin 43 \u00fcnc\u00fc maddesinin birinci f\u0131kras\u0131n\u0131n (g) bendinin (1) numaral\u0131 alt bendi a\u015fa\u011f\u0131daki \u015fekilde de\u011fi\u015ftirilmi\u015ftir.<\/li>\n<\/ol>\n<p><i>\u201c1) Tesisin \u00e7al\u0131\u015fmas\u0131 ve i\u015fletilmesi i\u00e7in gerekli olan, LPG tank\u0131, yang\u0131n suyu deposu, ar\u0131tma tesisi, g\u00fcne\u015f ve r\u00fczg\u00e2r enerjisine dayal\u0131 elektrik enerjisi \u00fcretim tesisleri ve benzeri destek \u00fcniteleri parsel i\u00e7i ring yolu veya \u00e7evre ye\u015fili \u00fczerinde yer alamaz. G\u00fcne\u015f enerjisine dayal\u0131 elektrik enerjisi \u00fcretim tesisleri, \u00f6ncelikle \u00e7at\u0131 ve cephede kurulur. Statik ve mimari a\u00e7\u0131dan \u00e7at\u0131 ve cephe uygulamas\u0131n\u0131n yap\u0131lamamas\u0131 ya da ilave kapasiteye ihtiya\u00e7 olmas\u0131 halinde yerde kurulacak tesisin taban alan\u0131, parsel alan\u0131n\u0131n %25\u2019ini ge\u00e7emez. Bunun d\u0131\u015f\u0131nda parsel i\u00e7indeki konumunun uygunlu\u011funa, ilgili mevzuata g\u00f6re OSB karar<\/i><i> <\/i><i>verir.\u201d<\/i><\/p>\n<ol start=\"18\">\n<li><b><\/b>Y\u00f6netmelik\u2019in 53\u2019\u00fcnc\u00fc maddesinin ikinci f\u0131kras\u0131 a\u015fa\u011f\u0131daki \u015fekilde de\u011fi\u015ftirilmi\u015ftir.<\/li>\n<\/ol>\n<p><i>\u201c(2) OSB\u2019ler, pay defteri hari\u00e7 olmak \u00fczere, 13\/1\/2011 tarihli ve 6102 say\u0131l\u0131 T\u00fcrk Ticaret Kanununda anonim \u015firket i\u00e7in \u00f6ng\u00f6r\u00fclen defterleri tutarlar. M\u00fcte\u015febbis heyet a\u015famas\u0131nda olan OSB\u2019lerde, m\u00fcte\u015febbis heyet toplant\u0131lar\u0131nda g\u00f6r\u00fc\u015f\u00fclen hususlar ve al\u0131nan kararlar m\u00fcte\u015febbis heyet toplant\u0131 ve m\u00fczakere defterine kaydedilir. M\u00fcte\u015febbis heyetin g\u00f6revinin sona erdi\u011fi genel kurula ge\u00e7en OSB\u2019lerde ise, genel kurul toplant\u0131 ve m\u00fczakere defteri tutulur ve bu deftere genel kurul toplant\u0131lar\u0131nda g\u00f6r\u00fc\u015f\u00fclen hususlar ve al\u0131nan kararlar kaydedilir. OSB\u2019nin muhasebesi ile ilgili olarak defterlere yap\u0131lacak kay\u0131tlarda, Muhasebe Sistemi Uygulama Genel Tebli\u011flerinde yer alan usul ve esaslara<\/i><i> <\/i><i>uyulur.\u201d<\/i><\/p>\n<p><b> 19. <\/b>Ayn\u0131 Y\u00f6netmelik\u2019in 54 \u00fcnc\u00fc maddesinin birinci f\u0131kras\u0131n\u0131n (b) bendinin (9) numaral\u0131 alt bendi ve ikinci f\u0131kras\u0131n\u0131n (c) bendi ile \u00fc\u00e7\u00fcnc\u00fc f\u0131kras\u0131 a\u015fa\u011f\u0131daki \u015fekilde de\u011fi\u015ftirilmi\u015ftir.<\/p>\n<p><i>\u201c9) Sanayi parselleri ile hizmet destek alanlar\u0131nda kat\u0131l\u0131mc\u0131n\u0131n kendi ihtiyac\u0131 i\u00e7in kurulanlar hari\u00e7 olmak \u00fczere, g\u00fcne\u015f ve r\u00fczgar enerjisine dayal\u0131 elektrik enerjisi \u00fcreten tesisler\u201d<\/i><\/p>\n<p><i>\u201cc) OSB\u2019ye ait teknik altyap\u0131 alan\u0131nda olmas\u0131 ve m\u00fcte\u015febbis heyet\/genel kurul karar\u0131 al\u0131nmas\u0131 \u015fart\u0131 ile geri d\u00f6n\u00fc\u015f\u00fcm ve bertaraf tesisleri\u201d<\/i><\/p>\n<p><i>\u201c(3) Birinci ve ikinci f\u0131kra haricinde, OSB\u2019de kurulmas\u0131nda sak\u0131nca g\u00f6r\u00fclen tesisler hakk\u0131nda OSB\u2019nin kurulu\u015f protokol\u00fc \u00e7er\u00e7evesinde kurulmas\u0131 planlanan sekt\u00f6rler, mevcut sekt\u00f6r yap\u0131s\u0131, kurulacak tesisin altyap\u0131 ve at\u0131k su ar\u0131tma tesislerine etkisi, herhangi bir olumsuzluk an\u0131nda tetikleyici etkisi, insanlar\u0131n \u00e7al\u0131\u015fma ve ya\u015fam ko\u015fullar\u0131na etkisi gibi hususlar dikkate al\u0131narak konu ile ilgili kurumlardan al\u0131nacak raporlar \u00e7er\u00e7evesinde karar verilir. \u0130lgilinin Bakanl\u0131\u011fa ba\u015fvurmas\u0131 \u00fczerine, OSB taraf\u0131ndan OSB\u2019de kurulamayaca\u011f\u0131na karar verilen tesise ili\u015fkin nihai karar, Bakanl\u0131k Makam\u0131ndan al\u0131nacak onay ile verilir.\u201d<\/i><\/p>\n<ol start=\"20\">\n<li><b><\/b>Y\u00f6netmelik\u2019in 56\u2019nc\u0131 maddesi 1\u2019inci f\u0131kras\u0131nda yer alan <i>\u2018\u2019(1) Kredi kullanan OSB\u2019lerde, arsa tahsislerinde, OSB ile kat\u0131l\u0131mc\u0131 aras\u0131nda Bakanl\u0131k taraf\u0131ndan haz\u0131rlanan tip \u201cArsa Tahsis S\u00f6zle\u015fmesi\u201d d\u00fczenlenir. Arsa tahsisinin kesinle\u015fti\u011fi tarihi takip eden ay\u0131n ilk haftas\u0131 i\u00e7erisinde Bakanl\u0131\u011fa bilgi verilir.<\/i>\u2019\u2019 ifadesinden \u201cBakanl\u0131k taraf\u0131ndan haz\u0131rlanan tip\u201d ibaresi ile d\u00f6rd\u00fcnc\u00fc f\u0131kras\u0131 y\u00fcr\u00fcrl\u00fckten kald\u0131r\u0131lm\u0131\u015ft\u0131r.<\/li>\n<\/ol>\n<ol start=\"21\">\n<li><b><\/b>Y\u00f6netmelik\u2019in 60\u2019\u0131nc\u0131 maddesinin \u00fc\u00e7\u00fcnc\u00fc f\u0131kras\u0131nda yer alan <i>\u201cyap\u0131 kullanma izni\u201d <\/i>ibaresi <i>\u201c<\/i><b><i>i\u015f yeri a\u00e7ma ve \u00e7al\u0131\u015fma ruhsat\u0131<\/i><\/b><i>\u201d <\/i>\u015feklinde de\u011fi\u015ftirilmi\u015ftir.<\/li>\n<\/ol>\n<ol start=\"22\">\n<li><b><\/b>Y\u00f6netmelik\u2019in 62\u2019nci maddesinin \u00fc\u00e7\u00fcnc\u00fc f\u0131kras\u0131n\u0131n son c\u00fcmlesinden \u00f6nce gelmek \u00fczere a\u015fa\u011f\u0131daki c\u00fcmle eklenmi\u015ftir.<\/li>\n<\/ol>\n<p><i>\u201cHer h\u00e2l\u00fck\u00e2rda kat\u0131l\u0131mc\u0131ya geri \u00f6denecek tutar, g\u00fcncel parsel tahsis bedelinin \u00fczerinde olamaz.\u201d<\/i><\/p>\n<ol start=\"23\">\n<li><b><\/b>Y\u00f6netmelik\u2019in 63\u2019\u00fcnc\u00fc maddesinin be\u015finci f\u0131kras\u0131; \u2018<i>\u2019Sanayi parsellerindeki tesislerde bir kat\u0131l\u0131mc\u0131 ya da kat\u0131l\u0131mc\u0131n\u0131n kirac\u0131s\u0131 \u00fcretim yapabilir. 6102 say\u0131l\u0131 Kanunda tan\u0131mlanan h\u00e2kim ve ba\u011fl\u0131 \u015firketler, Kanunun ge\u00e7ici 1 inci ve ge\u00e7ici 2 nci maddesi kapsam\u0131nda kurulan OSB\u2019lerdeki 1\/7\/2017 tarihinden \u00f6nce yap\u0131 kullanma izni alm\u0131\u015f olan tesisler ve ge\u00e7ici 5 inci maddesi kapsam\u0131nda kurulan OSB\u2019lerde, tesisin ba\u011f\u0131ms\u0131z b\u00f6l\u00fcm olu\u015fturmadan bir b\u00fct\u00fcn halinde kiraya verilece\u011fine dair beyan aranmaz. Bu kapsamda olu\u015fturulacak ba\u011f\u0131ms\u0131z b\u00f6l\u00fcm b\u00fcy\u00fckl\u00fc\u011f\u00fc ve say\u0131s\u0131, m\u00fcte\u015febbis heyetin\/genel kurulun b\u00f6lgenin teknik altyap\u0131 durumunu da g\u00f6z \u00f6n\u00fcnde bulundurarak alaca\u011f\u0131 kararlar ile belirlenir.\u2019\u2019 <\/i>\u015feklinde olup, \u201c<i>ba\u011f\u0131ms\u0131z b\u00f6l\u00fcm olu\u015fturmadan\u201d ibaresi y\u00fcr\u00fcrl\u00fckten kald\u0131r\u0131lm\u0131\u015f, \u00fc\u00e7\u00fcnc\u00fc c\u00fcmlesinde yer alan \u201colu\u015fturulacak ba\u011f\u0131ms\u0131z\u201d ibaresi \u201cba\u011f\u0131ms\u0131z b\u00f6l\u00fcm olu\u015fturulmamas\u0131 kayd\u0131yla, kiralanacak\u201d <\/i>\u015feklinde de\u011fi\u015ftirilmi\u015ftir.<\/li>\n<\/ol>\n<p><b> 24. <\/b>Y\u00f6netmelik\u2019in 70\u2019inci maddesinin ba\u015fl\u0131\u011f\u0131 ve birinci f\u0131kras\u0131 a\u015fa\u011f\u0131daki \u015fekilde de\u011fi\u015ftirilmi\u015ftir.<\/p>\n<p><i>\u201c<\/i><b><i>G\u00fcvenlik hizmeti ve hizmet al\u0131m\u0131\u201d<\/i><\/b><\/p>\n<p><i>\u201c(1) OSB\u2019ler, kat\u0131l\u0131mc\u0131ya tahsis veya sat\u0131\u015f\u0131 yap\u0131lan parseller hari\u00e7, OSB alan\u0131nda bulunan ta\u015f\u0131n\u0131r veya ta\u015f\u0131nmaz mallar ile canl\u0131lar\u0131n korunmas\u0131 ve g\u00fcvenli\u011finin sa\u011flanmas\u0131 amac\u0131yla, 10\/6\/2004 tarihli ve 5188 say\u0131l\u0131 \u00d6zel G\u00fcvenlik Hizmetlerine Dair Kanun h\u00fck\u00fcmlerine g\u00f6re g\u00f6rev yapan \u00f6zel g\u00fcvenlik birimi olu\u015fturabilir.\u201d<\/i><\/p>\n<ol start=\"25\">\n<li><b><\/b>Y\u00f6netmelik\u2019in 81\u2019inci maddesinin ikinci f\u0131kras\u0131ndan sonra gelmek \u00fczere a\u015fa\u011f\u0131daki f\u0131kra eklenmi\u015ftir.<\/li>\n<\/ol>\n<p><i>\u201c(3) Bakanl\u0131k kredisinin, uluslararas\u0131 anla\u015fmalar \u00e7er\u00e7evesinde d\u0131\u015f finansman ile sa\u011fland\u0131\u011f\u0131 OSB yap\u0131m i\u015fi ihaleleri, kredi veren kurulu\u015fun ihale usul ve esaslar\u0131 dikkate al\u0131narak Bakanl\u0131k taraf\u0131ndan olu\u015fturulan Komisyonca<\/i><i> <\/i><i>yap\u0131labilir.\u201d<\/i><\/p>\n<ol start=\"26\">\n<li><b><\/b>Y\u00f6netmelik\u2019in 85\u2019inci maddesi 1\u2019inci f\u0131kras\u0131nda yer alan <i>\u2018\u2019Ola\u011fan ve ola\u011fan\u00fcst\u00fc toplant\u0131lara \u00e7a\u011fr\u0131; iadeli taahh\u00fctl\u00fc mektupla veya imza kar\u015f\u0131l\u0131\u011f\u0131 yap\u0131l\u0131r.<\/i>\u2019\u2019 ifadesinde yer alan <i>\u201ciadeli taahh\u00fctl\u00fc mektupla\u201d <\/i>ibaresi <i>\u201c<\/i><b><i>kay\u0131tl\u0131 elektronik posta sistemi, iadeli taahh\u00fctl\u00fc mektup<\/i>\u201d <\/b>\u015feklinde de\u011fi\u015ftirilmi\u015ftir.<\/li>\n<\/ol>\n<ol start=\"27\">\n<li><b><\/b>Y\u00f6netmelik\u2019in 97\u2019nci maddesinin ikinci f\u0131kras\u0131 a\u015fa\u011f\u0131daki \u015fekilde de\u011fi\u015ftirilmi\u015ftir.<\/li>\n<\/ol>\n<p><i>\u201c(2) OSB \u00dcst Kurulu\u015funda, pay defteri hari\u00e7 olmak \u00fczere, 13\/1\/2011 tarihli ve 6102 say\u0131l\u0131 T\u00fcrk Ticaret Kanununda anonim \u015firket i\u00e7in \u00f6ng\u00f6r\u00fclen defterler tutulur. Bakanl\u0131k, tutulacak defterlerle kullan\u0131lacak belgelere ve bunlar\u0131n d\u00fczenlenme esas ve \u015fekillerine ili\u015fkin zorunluluklar getirebilir.\u201d<\/i><\/p>\n<ol start=\"28\">\n<li><b><\/b>Ayn\u0131 Y\u00f6netmelik\u2019in ge\u00e7ici 7\u2019nci maddesinden sonra gelmek \u00fczere a\u015fa\u011f\u0131daki maddeler eklenmi\u015ftir.<\/li>\n<\/ol>\n<p><i>\u201c<\/i><b><i>T\u00fcr de\u011fi\u015fikli\u011fi<\/i><\/b><\/p>\n<p><i>GE\u00c7\u0130C\u0130 MADDE 8 \u2013 (1) Bu maddenin y\u00fcr\u00fcrl\u00fc\u011fe girdi\u011fi tarihten \u00f6nce 5 inci maddenin yedinci f\u0131kras\u0131nda belirtilen \u015fekilde yap\u0131lan OSB t\u00fcr de\u011fi\u015fiklikleri ge\u00e7erlili\u011fini korur.\u201d <\/i><b><i>\u201cYard\u0131m ve ba\u011f\u0131\u015flar<\/i><\/b><\/p>\n<p><i>GE\u00c7\u0130C\u0130 MADDE 9 \u2013 (1) Bu maddenin y\u00fcr\u00fcrl\u00fc\u011fe girdi\u011fi tarihten \u00f6nce OSB\u2019ler taraf\u0131ndan yap\u0131lm\u0131\u015f olan yard\u0131m ve ba\u011f\u0131\u015flar 23 \u00fcnc\u00fc maddenin birinci f\u0131kras\u0131n\u0131n (cc) bendine g\u00f6re yap\u0131lm\u0131\u015f<\/i><i> <\/i><i>say\u0131l\u0131r.\u201d<\/i><\/p>\n<ol start=\"29\">\n<li><b><\/b>Y\u00f6netmelik\u2019te <span class=\"Apple-converted-space\">\u00a0 <\/span>de\u011fi\u015fiklik <span class=\"Apple-converted-space\">\u00a0 <\/span>yap\u0131lmas\u0131na <span class=\"Apple-converted-space\">\u00a0 <\/span>dair <span class=\"Apple-converted-space\">\u00a0 <\/span>y\u00f6netmelik, <span class=\"Apple-converted-space\">\u00a0 <\/span>yay\u0131m\u0131 <span class=\"Apple-converted-space\">\u00a0<\/span> tarihinde<\/li>\n<\/ol>\n<p>(16.04.2020) y\u00fcr\u00fcrl\u00fc\u011fe girmi\u015ftir.<\/p>\n","protected":false},"excerpt":{"rendered":"<p>2\/2\/2019 tarihli ve 30674 say\u0131l\u0131 Resm\u00ee Gazete\u2019de yay\u0131mlanan Organize Sanayi B\u00f6lgeleri Uygulama Y\u00f6netmeli\u011fi (\u2018\u2019Y\u00f6netmelik\u2019\u2019), 16.04.2020 tarihli ve 31101 say\u0131l\u0131 Resmi Gazete\u2019de yay\u0131mlanan Organize Sanayi B\u00f6lgeleri Uygulama Y\u00f6netmeli\u011finde De\u011fi\u015fiklik Yap\u0131lmas\u0131na Dair Y\u00f6netmelik ile revize edilmi\u015ftir. \u015e\u00f6yle ki; Y\u00f6netmelik\u2019in 3\u2019\u00fcnc\u00fc maddesi; \u2018\u2019Abone: [&hellip;]<\/p>\n","protected":false},"author":1,"featured_media":816,"comment_status":"open","ping_status":"open","sticky":false,"template":"","format":"standard","meta":{"footnotes":""},"categories":[27],"tags":[],"class_list":["post-815","post","type-post","status-publish","format-standard","has-post-thumbnail","hentry","category-commercial-and-corporate-law"],"yoast_head":"<!-- This site is optimized with the Yoast SEO plugin v25.4 - https:\/\/yoast.com\/wordpress\/plugins\/seo\/ -->\n<title>Organize Sanayi B\u00f6lgeleri Uygulama Y\u00f6netmeli\u011fi De\u011fi\u015fikli\u011fi \u0130le \u0130lgili De\u011ferlendirmeler | Narter &amp; Partners<\/title>\n<meta name=\"robots\" content=\"index, follow, max-snippet:-1, max-image-preview:large, max-video-preview:-1\" \/>\n<link rel=\"canonical\" href=\"https:\/\/www.narterlaw.com\/en\/organize-sanayi-bolgeleri-uygulama-yonetmeligi-degisikligi-ile-ilgili-degerlendirmeler\/\" \/>\n<meta property=\"og:locale\" content=\"en_US\" \/>\n<meta property=\"og:type\" content=\"article\" \/>\n<meta property=\"og:title\" content=\"Organize Sanayi B\u00f6lgeleri Uygulama Y\u00f6netmeli\u011fi De\u011fi\u015fikli\u011fi \u0130le \u0130lgili De\u011ferlendirmeler | Narter &amp; Partners\" \/>\n<meta property=\"og:description\" content=\"2\/2\/2019 tarihli ve 30674 say\u0131l\u0131 Resm\u00ee Gazete\u2019de yay\u0131mlanan Organize Sanayi B\u00f6lgeleri Uygulama Y\u00f6netmeli\u011fi (\u2018\u2019Y\u00f6netmelik\u2019\u2019), 16.04.2020 tarihli ve 31101 say\u0131l\u0131 Resmi Gazete\u2019de yay\u0131mlanan Organize Sanayi B\u00f6lgeleri Uygulama Y\u00f6netmeli\u011finde De\u011fi\u015fiklik Yap\u0131lmas\u0131na Dair Y\u00f6netmelik ile revize edilmi\u015ftir. \u015e\u00f6yle ki; Y\u00f6netmelik\u2019in 3\u2019\u00fcnc\u00fc maddesi; \u2018\u2019Abone: [&hellip;]\" \/>\n<meta property=\"og:url\" content=\"https:\/\/www.narterlaw.com\/en\/organize-sanayi-bolgeleri-uygulama-yonetmeligi-degisikligi-ile-ilgili-degerlendirmeler\/\" \/>\n<meta property=\"og:site_name\" content=\"Narter &amp; Partners\" \/>\n<meta property=\"article:published_time\" content=\"2020-04-16T11:29:24+00:00\" \/>\n<meta property=\"og:image\" content=\"https:\/\/www.narterlaw.com\/wp-content\/uploads\/2020\/04\/bilginot_418.png\" \/>\n\t<meta property=\"og:image:width\" content=\"1023\" \/>\n\t<meta property=\"og:image:height\" content=\"518\" \/>\n\t<meta property=\"og:image:type\" content=\"image\/png\" \/>\n<meta name=\"author\" content=\"admin\" \/>\n<meta name=\"twitter:card\" content=\"summary_large_image\" \/>\n<meta name=\"twitter:label1\" content=\"Written by\" \/>\n\t<meta name=\"twitter:data1\" content=\"admin\" \/>\n\t<meta name=\"twitter:label2\" content=\"Est. reading time\" \/>\n\t<meta name=\"twitter:data2\" content=\"19 minutes\" \/>\n<script type=\"application\/ld+json\" class=\"yoast-schema-graph\">{\"@context\":\"https:\/\/schema.org\",\"@graph\":[{\"@type\":\"Article\",\"@id\":\"https:\/\/www.narterlaw.com\/en\/organize-sanayi-bolgeleri-uygulama-yonetmeligi-degisikligi-ile-ilgili-degerlendirmeler\/#article\",\"isPartOf\":{\"@id\":\"https:\/\/www.narterlaw.com\/en\/organize-sanayi-bolgeleri-uygulama-yonetmeligi-degisikligi-ile-ilgili-degerlendirmeler\/\"},\"author\":{\"name\":\"admin\",\"@id\":\"https:\/\/www.narterlaw.com\/#\/schema\/person\/669f761d161a26a6776d10c1db0f5f24\"},\"headline\":\"Organize Sanayi B\u00f6lgeleri Uygulama Y\u00f6netmeli\u011fi De\u011fi\u015fikli\u011fi \u0130le \u0130lgili De\u011ferlendirmeler\",\"datePublished\":\"2020-04-16T11:29:24+00:00\",\"mainEntityOfPage\":{\"@id\":\"https:\/\/www.narterlaw.com\/en\/organize-sanayi-bolgeleri-uygulama-yonetmeligi-degisikligi-ile-ilgili-degerlendirmeler\/\"},\"wordCount\":3910,\"commentCount\":0,\"publisher\":{\"@id\":\"https:\/\/www.narterlaw.com\/#organization\"},\"image\":{\"@id\":\"https:\/\/www.narterlaw.com\/en\/organize-sanayi-bolgeleri-uygulama-yonetmeligi-degisikligi-ile-ilgili-degerlendirmeler\/#primaryimage\"},\"thumbnailUrl\":\"https:\/\/www.narterlaw.com\/wp-content\/uploads\/2020\/04\/bilginot_418.png\",\"articleSection\":[\"Commercial and Corporate Law\"],\"inLanguage\":\"en-US\",\"potentialAction\":[{\"@type\":\"CommentAction\",\"name\":\"Comment\",\"target\":[\"https:\/\/www.narterlaw.com\/en\/organize-sanayi-bolgeleri-uygulama-yonetmeligi-degisikligi-ile-ilgili-degerlendirmeler\/#respond\"]}]},{\"@type\":\"WebPage\",\"@id\":\"https:\/\/www.narterlaw.com\/en\/organize-sanayi-bolgeleri-uygulama-yonetmeligi-degisikligi-ile-ilgili-degerlendirmeler\/\",\"url\":\"https:\/\/www.narterlaw.com\/en\/organize-sanayi-bolgeleri-uygulama-yonetmeligi-degisikligi-ile-ilgili-degerlendirmeler\/\",\"name\":\"Organize Sanayi B\u00f6lgeleri Uygulama Y\u00f6netmeli\u011fi De\u011fi\u015fikli\u011fi \u0130le \u0130lgili De\u011ferlendirmeler | Narter &amp; Partners\",\"isPartOf\":{\"@id\":\"https:\/\/www.narterlaw.com\/#website\"},\"primaryImageOfPage\":{\"@id\":\"https:\/\/www.narterlaw.com\/en\/organize-sanayi-bolgeleri-uygulama-yonetmeligi-degisikligi-ile-ilgili-degerlendirmeler\/#primaryimage\"},\"image\":{\"@id\":\"https:\/\/www.narterlaw.com\/en\/organize-sanayi-bolgeleri-uygulama-yonetmeligi-degisikligi-ile-ilgili-degerlendirmeler\/#primaryimage\"},\"thumbnailUrl\":\"https:\/\/www.narterlaw.com\/wp-content\/uploads\/2020\/04\/bilginot_418.png\",\"datePublished\":\"2020-04-16T11:29:24+00:00\",\"breadcrumb\":{\"@id\":\"https:\/\/www.narterlaw.com\/en\/organize-sanayi-bolgeleri-uygulama-yonetmeligi-degisikligi-ile-ilgili-degerlendirmeler\/#breadcrumb\"},\"inLanguage\":\"en-US\",\"potentialAction\":[{\"@type\":\"ReadAction\",\"target\":[\"https:\/\/www.narterlaw.com\/en\/organize-sanayi-bolgeleri-uygulama-yonetmeligi-degisikligi-ile-ilgili-degerlendirmeler\/\"]}]},{\"@type\":\"ImageObject\",\"inLanguage\":\"en-US\",\"@id\":\"https:\/\/www.narterlaw.com\/en\/organize-sanayi-bolgeleri-uygulama-yonetmeligi-degisikligi-ile-ilgili-degerlendirmeler\/#primaryimage\",\"url\":\"https:\/\/www.narterlaw.com\/wp-content\/uploads\/2020\/04\/bilginot_418.png\",\"contentUrl\":\"https:\/\/www.narterlaw.com\/wp-content\/uploads\/2020\/04\/bilginot_418.png\",\"width\":1023,\"height\":518},{\"@type\":\"BreadcrumbList\",\"@id\":\"https:\/\/www.narterlaw.com\/en\/organize-sanayi-bolgeleri-uygulama-yonetmeligi-degisikligi-ile-ilgili-degerlendirmeler\/#breadcrumb\",\"itemListElement\":[{\"@type\":\"ListItem\",\"position\":1,\"name\":\"Anasayfa\",\"item\":\"https:\/\/www.narterlaw.com\/en\/\"},{\"@type\":\"ListItem\",\"position\":2,\"name\":\"Organize Sanayi B\u00f6lgeleri Uygulama Y\u00f6netmeli\u011fi De\u011fi\u015fikli\u011fi \u0130le \u0130lgili De\u011ferlendirmeler\"}]},{\"@type\":\"WebSite\",\"@id\":\"https:\/\/www.narterlaw.com\/#website\",\"url\":\"https:\/\/www.narterlaw.com\/\",\"name\":\"Narter &amp; Partners\",\"description\":\"Narter &amp; Partners\",\"publisher\":{\"@id\":\"https:\/\/www.narterlaw.com\/#organization\"},\"potentialAction\":[{\"@type\":\"SearchAction\",\"target\":{\"@type\":\"EntryPoint\",\"urlTemplate\":\"https:\/\/www.narterlaw.com\/?s={search_term_string}\"},\"query-input\":{\"@type\":\"PropertyValueSpecification\",\"valueRequired\":true,\"valueName\":\"search_term_string\"}}],\"inLanguage\":\"en-US\"},{\"@type\":\"Organization\",\"@id\":\"https:\/\/www.narterlaw.com\/#organization\",\"name\":\"narterlaw\",\"url\":\"https:\/\/www.narterlaw.com\/\",\"logo\":{\"@type\":\"ImageObject\",\"inLanguage\":\"en-US\",\"@id\":\"https:\/\/www.narterlaw.com\/#\/schema\/logo\/image\/\",\"url\":\"https:\/\/www.narterlaw.com\/wp-content\/uploads\/2020\/05\/narterpartners-logo.png\",\"contentUrl\":\"https:\/\/www.narterlaw.com\/wp-content\/uploads\/2020\/05\/narterpartners-logo.png\",\"width\":132,\"height\":50,\"caption\":\"narterlaw\"},\"image\":{\"@id\":\"https:\/\/www.narterlaw.com\/#\/schema\/logo\/image\/\"}},{\"@type\":\"Person\",\"@id\":\"https:\/\/www.narterlaw.com\/#\/schema\/person\/669f761d161a26a6776d10c1db0f5f24\",\"name\":\"admin\",\"image\":{\"@type\":\"ImageObject\",\"inLanguage\":\"en-US\",\"@id\":\"https:\/\/www.narterlaw.com\/#\/schema\/person\/image\/\",\"url\":\"https:\/\/secure.gravatar.com\/avatar\/ca62748feb9a0364b7dcad459815128c?s=96&d=mm&r=g\",\"contentUrl\":\"https:\/\/secure.gravatar.com\/avatar\/ca62748feb9a0364b7dcad459815128c?s=96&d=mm&r=g\",\"caption\":\"admin\"},\"sameAs\":[\"http:\/\/narter.korkutads.com\"]}]}<\/script>\n<!-- \/ Yoast SEO plugin. -->","yoast_head_json":{"title":"Organize Sanayi B\u00f6lgeleri Uygulama Y\u00f6netmeli\u011fi De\u011fi\u015fikli\u011fi \u0130le \u0130lgili De\u011ferlendirmeler | Narter &amp; Partners","robots":{"index":"index","follow":"follow","max-snippet":"max-snippet:-1","max-image-preview":"max-image-preview:large","max-video-preview":"max-video-preview:-1"},"canonical":"https:\/\/www.narterlaw.com\/en\/organize-sanayi-bolgeleri-uygulama-yonetmeligi-degisikligi-ile-ilgili-degerlendirmeler\/","og_locale":"en_US","og_type":"article","og_title":"Organize Sanayi B\u00f6lgeleri Uygulama Y\u00f6netmeli\u011fi De\u011fi\u015fikli\u011fi \u0130le \u0130lgili De\u011ferlendirmeler | Narter &amp; Partners","og_description":"2\/2\/2019 tarihli ve 30674 say\u0131l\u0131 Resm\u00ee Gazete\u2019de yay\u0131mlanan Organize Sanayi B\u00f6lgeleri Uygulama Y\u00f6netmeli\u011fi (\u2018\u2019Y\u00f6netmelik\u2019\u2019), 16.04.2020 tarihli ve 31101 say\u0131l\u0131 Resmi Gazete\u2019de yay\u0131mlanan Organize Sanayi B\u00f6lgeleri Uygulama Y\u00f6netmeli\u011finde De\u011fi\u015fiklik Yap\u0131lmas\u0131na Dair Y\u00f6netmelik ile revize edilmi\u015ftir. \u015e\u00f6yle ki; Y\u00f6netmelik\u2019in 3\u2019\u00fcnc\u00fc maddesi; \u2018\u2019Abone: [&hellip;]","og_url":"https:\/\/www.narterlaw.com\/en\/organize-sanayi-bolgeleri-uygulama-yonetmeligi-degisikligi-ile-ilgili-degerlendirmeler\/","og_site_name":"Narter &amp; Partners","article_published_time":"2020-04-16T11:29:24+00:00","og_image":[{"width":1023,"height":518,"url":"https:\/\/www.narterlaw.com\/wp-content\/uploads\/2020\/04\/bilginot_418.png","type":"image\/png"}],"author":"admin","twitter_card":"summary_large_image","twitter_misc":{"Written by":"admin","Est. reading time":"19 minutes"},"schema":{"@context":"https:\/\/schema.org","@graph":[{"@type":"Article","@id":"https:\/\/www.narterlaw.com\/en\/organize-sanayi-bolgeleri-uygulama-yonetmeligi-degisikligi-ile-ilgili-degerlendirmeler\/#article","isPartOf":{"@id":"https:\/\/www.narterlaw.com\/en\/organize-sanayi-bolgeleri-uygulama-yonetmeligi-degisikligi-ile-ilgili-degerlendirmeler\/"},"author":{"name":"admin","@id":"https:\/\/www.narterlaw.com\/#\/schema\/person\/669f761d161a26a6776d10c1db0f5f24"},"headline":"Organize Sanayi B\u00f6lgeleri Uygulama Y\u00f6netmeli\u011fi De\u011fi\u015fikli\u011fi \u0130le \u0130lgili De\u011ferlendirmeler","datePublished":"2020-04-16T11:29:24+00:00","mainEntityOfPage":{"@id":"https:\/\/www.narterlaw.com\/en\/organize-sanayi-bolgeleri-uygulama-yonetmeligi-degisikligi-ile-ilgili-degerlendirmeler\/"},"wordCount":3910,"commentCount":0,"publisher":{"@id":"https:\/\/www.narterlaw.com\/#organization"},"image":{"@id":"https:\/\/www.narterlaw.com\/en\/organize-sanayi-bolgeleri-uygulama-yonetmeligi-degisikligi-ile-ilgili-degerlendirmeler\/#primaryimage"},"thumbnailUrl":"https:\/\/www.narterlaw.com\/wp-content\/uploads\/2020\/04\/bilginot_418.png","articleSection":["Commercial and Corporate Law"],"inLanguage":"en-US","potentialAction":[{"@type":"CommentAction","name":"Comment","target":["https:\/\/www.narterlaw.com\/en\/organize-sanayi-bolgeleri-uygulama-yonetmeligi-degisikligi-ile-ilgili-degerlendirmeler\/#respond"]}]},{"@type":"WebPage","@id":"https:\/\/www.narterlaw.com\/en\/organize-sanayi-bolgeleri-uygulama-yonetmeligi-degisikligi-ile-ilgili-degerlendirmeler\/","url":"https:\/\/www.narterlaw.com\/en\/organize-sanayi-bolgeleri-uygulama-yonetmeligi-degisikligi-ile-ilgili-degerlendirmeler\/","name":"Organize Sanayi B\u00f6lgeleri Uygulama Y\u00f6netmeli\u011fi De\u011fi\u015fikli\u011fi \u0130le \u0130lgili De\u011ferlendirmeler | Narter &amp; Partners","isPartOf":{"@id":"https:\/\/www.narterlaw.com\/#website"},"primaryImageOfPage":{"@id":"https:\/\/www.narterlaw.com\/en\/organize-sanayi-bolgeleri-uygulama-yonetmeligi-degisikligi-ile-ilgili-degerlendirmeler\/#primaryimage"},"image":{"@id":"https:\/\/www.narterlaw.com\/en\/organize-sanayi-bolgeleri-uygulama-yonetmeligi-degisikligi-ile-ilgili-degerlendirmeler\/#primaryimage"},"thumbnailUrl":"https:\/\/www.narterlaw.com\/wp-content\/uploads\/2020\/04\/bilginot_418.png","datePublished":"2020-04-16T11:29:24+00:00","breadcrumb":{"@id":"https:\/\/www.narterlaw.com\/en\/organize-sanayi-bolgeleri-uygulama-yonetmeligi-degisikligi-ile-ilgili-degerlendirmeler\/#breadcrumb"},"inLanguage":"en-US","potentialAction":[{"@type":"ReadAction","target":["https:\/\/www.narterlaw.com\/en\/organize-sanayi-bolgeleri-uygulama-yonetmeligi-degisikligi-ile-ilgili-degerlendirmeler\/"]}]},{"@type":"ImageObject","inLanguage":"en-US","@id":"https:\/\/www.narterlaw.com\/en\/organize-sanayi-bolgeleri-uygulama-yonetmeligi-degisikligi-ile-ilgili-degerlendirmeler\/#primaryimage","url":"https:\/\/www.narterlaw.com\/wp-content\/uploads\/2020\/04\/bilginot_418.png","contentUrl":"https:\/\/www.narterlaw.com\/wp-content\/uploads\/2020\/04\/bilginot_418.png","width":1023,"height":518},{"@type":"BreadcrumbList","@id":"https:\/\/www.narterlaw.com\/en\/organize-sanayi-bolgeleri-uygulama-yonetmeligi-degisikligi-ile-ilgili-degerlendirmeler\/#breadcrumb","itemListElement":[{"@type":"ListItem","position":1,"name":"Anasayfa","item":"https:\/\/www.narterlaw.com\/en\/"},{"@type":"ListItem","position":2,"name":"Organize Sanayi B\u00f6lgeleri Uygulama Y\u00f6netmeli\u011fi De\u011fi\u015fikli\u011fi \u0130le \u0130lgili De\u011ferlendirmeler"}]},{"@type":"WebSite","@id":"https:\/\/www.narterlaw.com\/#website","url":"https:\/\/www.narterlaw.com\/","name":"Narter &amp; Partners","description":"Narter &amp; Partners","publisher":{"@id":"https:\/\/www.narterlaw.com\/#organization"},"potentialAction":[{"@type":"SearchAction","target":{"@type":"EntryPoint","urlTemplate":"https:\/\/www.narterlaw.com\/?s={search_term_string}"},"query-input":{"@type":"PropertyValueSpecification","valueRequired":true,"valueName":"search_term_string"}}],"inLanguage":"en-US"},{"@type":"Organization","@id":"https:\/\/www.narterlaw.com\/#organization","name":"narterlaw","url":"https:\/\/www.narterlaw.com\/","logo":{"@type":"ImageObject","inLanguage":"en-US","@id":"https:\/\/www.narterlaw.com\/#\/schema\/logo\/image\/","url":"https:\/\/www.narterlaw.com\/wp-content\/uploads\/2020\/05\/narterpartners-logo.png","contentUrl":"https:\/\/www.narterlaw.com\/wp-content\/uploads\/2020\/05\/narterpartners-logo.png","width":132,"height":50,"caption":"narterlaw"},"image":{"@id":"https:\/\/www.narterlaw.com\/#\/schema\/logo\/image\/"}},{"@type":"Person","@id":"https:\/\/www.narterlaw.com\/#\/schema\/person\/669f761d161a26a6776d10c1db0f5f24","name":"admin","image":{"@type":"ImageObject","inLanguage":"en-US","@id":"https:\/\/www.narterlaw.com\/#\/schema\/person\/image\/","url":"https:\/\/secure.gravatar.com\/avatar\/ca62748feb9a0364b7dcad459815128c?s=96&d=mm&r=g","contentUrl":"https:\/\/secure.gravatar.com\/avatar\/ca62748feb9a0364b7dcad459815128c?s=96&d=mm&r=g","caption":"admin"},"sameAs":["http:\/\/narter.korkutads.com"]}]}},"_links":{"self":[{"href":"https:\/\/www.narterlaw.com\/en\/wp-json\/wp\/v2\/posts\/815","targetHints":{"allow":["GET"]}}],"collection":[{"href":"https:\/\/www.narterlaw.com\/en\/wp-json\/wp\/v2\/posts"}],"about":[{"href":"https:\/\/www.narterlaw.com\/en\/wp-json\/wp\/v2\/types\/post"}],"author":[{"embeddable":true,"href":"https:\/\/www.narterlaw.com\/en\/wp-json\/wp\/v2\/users\/1"}],"replies":[{"embeddable":true,"href":"https:\/\/www.narterlaw.com\/en\/wp-json\/wp\/v2\/comments?post=815"}],"version-history":[{"count":0,"href":"https:\/\/www.narterlaw.com\/en\/wp-json\/wp\/v2\/posts\/815\/revisions"}],"wp:featuredmedia":[{"embeddable":true,"href":"https:\/\/www.narterlaw.com\/en\/wp-json\/wp\/v2\/media\/816"}],"wp:attachment":[{"href":"https:\/\/www.narterlaw.com\/en\/wp-json\/wp\/v2\/media?parent=815"}],"wp:term":[{"taxonomy":"category","embeddable":true,"href":"https:\/\/www.narterlaw.com\/en\/wp-json\/wp\/v2\/categories?post=815"},{"taxonomy":"post_tag","embeddable":true,"href":"https:\/\/www.narterlaw.com\/en\/wp-json\/wp\/v2\/tags?post=815"}],"curies":[{"name":"wp","href":"https:\/\/api.w.org\/{rel}","templated":true}]}}