{"id":813,"date":"2020-04-17T22:54:47","date_gmt":"2020-04-17T19:54:47","guid":{"rendered":"https:\/\/www.narterlaw.com\/yeni-koronavirus-covid-19-salgininin-ekonomik-ve-sosyal-hayata-etkilerinin-azaltilmasi-hakkinda-kanun-ile-bazi-kanunlarda-degisiklik-yapilmasina-dair-kanunun-7244-sayili\/"},"modified":"2020-04-17T22:54:47","modified_gmt":"2020-04-17T19:54:47","slug":"yeni-koronavirus-covid-19-salgininin-ekonomik-ve-sosyal-hayata-etkilerinin-azaltilmasi-hakkinda-kanun-ile-bazi-kanunlarda-degisiklik-yapilmasina-dair-kanunun-7244-sayili","status":"publish","type":"post","link":"https:\/\/www.narterlaw.com\/en\/yeni-koronavirus-covid-19-salgininin-ekonomik-ve-sosyal-hayata-etkilerinin-azaltilmasi-hakkinda-kanun-ile-bazi-kanunlarda-degisiklik-yapilmasina-dair-kanunun-7244-sayili\/","title":{"rendered":"Yeni Koronavir\u00fcs (COVID-19) Salg\u0131n\u0131n\u0131n Ekonomik Ve Sosyal Hayata Etkilerinin Azalt\u0131lmas\u0131 Hakk\u0131nda Kanun \u0130le Baz\u0131 Kanunlarda De\u011fi\u015fiklik Yap\u0131lmas\u0131na Dair Kanun\u2019un (\u2018\u20197244 Say\u0131l\u0131 Kanun\u2019\u2019) \u0130\u015f Hukukuna Etkileri"},"content":{"rendered":"<p>Bilgilendirme Notumuz; 17.04.2020 tarihli ve 31102 say\u0131l\u0131 Resmi Gazete\u2019de yay\u0131mlanan 7244 Say\u0131l\u0131 Kanun ile i\u015f hukuku \u00e7er\u00e7evesinde yap\u0131lan d\u00fczenlemeleri a\u00e7\u0131klamaktad\u0131r.<\/p>\n<ol>\n<li><b><\/b>4447 Say\u0131l\u0131 \u0130\u015fsizlik Sigortas\u0131 Kanunu\u2019nun (\u2018<b>\u20194447 Say\u0131l\u0131 Kanun\u2019\u2019<\/b>) Ge\u00e7ici<\/li>\n<\/ol>\n<p>23\u2019\u00fcnc\u00fc maddesi; <i>\u2018\u201930\/6\/2020<\/i><i> <\/i><i>tarihine<\/i><i> <\/i><i>kadar<\/i><i> <\/i><i>ge\u00e7erli<\/i><i> <\/i><i>olmak<\/i><i> <\/i><i>\u00fczere,<\/i><i> <\/i><i>yeni<\/i><i> <\/i><i>koronavir\u00fcs<\/i><i> <\/i><i>(Covid-<\/i><i>19) kaynakl\u0131 zorlay\u0131c\u0131 sebep gerek\u00e7esiyle yap\u0131lan k\u0131sa \u00e7al\u0131\u015fma ba\u015fvurular\u0131 i\u00e7in, ek 2 nci maddenin \u00fc\u00e7\u00fcnc\u00fc f\u0131kras\u0131nda i\u015f\u00e7inin k\u0131sa \u00e7al\u0131\u015fma \u00f6dene\u011fine hak kazanabilmesi i\u00e7in \u00f6ng\u00f6r\u00fclen hizmet akdinin feshi hari\u00e7 i\u015fsizlik sigortas\u0131 hak etme ko\u015fullar\u0131n\u0131 yerine getirmesi h\u00fckm\u00fc, k\u0131sa \u00e7al\u0131\u015fma ba\u015flama tarihinden \u00f6nceki son 60 g\u00fcn hizmet akdine tabi olanlardan son \u00fc\u00e7 y\u0131l i\u00e7inde 450 g\u00fcn sigortal\u0131 olarak \u00e7al\u0131\u015f\u0131p i\u015fsizlik sigortas\u0131 primi \u00f6denmi\u015f olmas\u0131 \u015feklinde uygulan\u0131r. Bu ko\u015fulu ta\u015f\u0131mayanlar, k\u0131sa \u00e7al\u0131\u015fma s\u00fcresini ge\u00e7memek \u00fczere son i\u015fsizlik \u00f6dene\u011fi hak sahipli\u011finden kalan s\u00fcre kadar k\u0131sa \u00e7al\u0131\u015fma \u00f6dene\u011finden yararlanmaya devam eder. Bu madde kapsam\u0131nda k\u0131sa \u00e7al\u0131\u015fma uygulamas\u0131ndan yararlanabilmek i\u00e7in, i\u015f yerinde k\u0131sa \u00e7al\u0131\u015fma uygulanan d\u00f6nemde 4857 say\u0131l\u0131 Kanunun 25 inci maddesinin birinci f\u0131kras\u0131n\u0131n (II) numaral\u0131 bendinde yer alan sebepler hari\u00e7 olmak kayd\u0131yla i\u015fveren taraf\u0131ndan i\u015f\u00e7i \u00e7\u0131kar\u0131lmamas\u0131 gerekir. Bu<span class=\"Apple-converted-space\">\u00a0<\/span><\/i><i> <\/i><i>madde<span class=\"Apple-converted-space\">\u00a0<\/span><\/i><i> <\/i><i>kapsam\u0131nda<span class=\"Apple-converted-space\">\u00a0<\/span><\/i><i> <\/i><i>yap\u0131lan<span class=\"Apple-converted-space\">\u00a0<\/span><\/i><i> <\/i><b><i>ba\u015fvurular<\/i><\/b><i>,<span class=\"Apple-converted-space\">\u00a0<\/span><\/i><i> <\/i><i>ba\u015fvuru<span class=\"Apple-converted-space\">\u00a0<\/span><\/i><i> <\/i><i>tarihinden<span class=\"Apple-converted-space\">\u00a0<\/span><\/i><i> <\/i><i>itibaren<span class=\"Apple-converted-space\">\u00a0<\/span><\/i><i> <\/i><i>60<span class=\"Apple-converted-space\">\u00a0<\/span><\/i><i> <\/i><i>g\u00fcn<span class=\"Apple-converted-space\">\u00a0<\/span><\/i><i> <\/i><i>i\u00e7inde<\/i><\/p>\n<p><i>sonu\u00e7land\u0131r\u0131l\u0131r. Bu madde kapsam\u0131nda yap\u0131lan ba\u015fvuru tarihini 31\/12\/2020 tarihine kadar uzatmaya ve birinci f\u0131krada belirlenen g\u00fcnleri farkl\u0131la\u015ft\u0131rmaya Cumhurba\u015fkan\u0131 yetkilidir.\u2019\u2019 <\/i>\u015feklinde olup, bu h\u00fckm\u00fcn ikinci f\u0131kras\u0131n\u0131n son c\u00fcmlesine \u201cba\u015fvurular,\u201d ibaresinden sonra gelmek \u00fczere \u201c<b>uygunluk tespitleri hari\u00e7 olmak \u00fczere<\/b>\u201d ibaresi eklenmi\u015ftir.<\/p>\n<ol start=\"2\">\n<li><b><\/b>4447 Say\u0131l\u0131 Kanun\u2019a a\u015fa\u011f\u0131daki ge\u00e7ici madde eklenmi\u015ftir:<\/li>\n<\/ol>\n<p><i>\u201cGE\u00c7\u0130C\u0130 MADDE 24 \u2013 Bu maddenin y\u00fcr\u00fcrl\u00fc\u011fe girdi\u011fi tarihte i\u015f s\u00f6zle\u015fmesi bulunmakla birlikte 4857 say\u0131l\u0131 Kanunun ge\u00e7ici 10 uncu maddesi uyar\u0131nca i\u015fveren taraf\u0131ndan \u00fccretsiz<span class=\"Apple-converted-space\">\u00a0 \u00a0 <\/span>izne<span class=\"Apple-converted-space\">\u00a0 \u00a0 <\/span>ayr\u0131lan<span class=\"Apple-converted-space\">\u00a0 \u00a0 <\/span>ve <span class=\"Apple-converted-space\">\u00a0 \u00a0 <\/span>k\u0131sa <span class=\"Apple-converted-space\">\u00a0 \u00a0 <\/span>\u00e7al\u0131\u015fma <span class=\"Apple-converted-space\">\u00a0 \u00a0 <\/span>\u00f6dene\u011finden <span class=\"Apple-converted-space\">\u00a0 \u00a0 <\/span>yararlanamayan <span class=\"Apple-converted-space\">\u00a0 \u00a0 <\/span>i\u015f\u00e7iler<span class=\"Apple-converted-space\">\u00a0 <\/span>ile 15\/3\/2020 tarihinden sonra 51 inci madde kapsam\u0131nda i\u015f s\u00f6zle\u015fmesi feshedilen ve bu Kanunun di\u011fer h\u00fck\u00fcmlerine g\u00f6re i\u015fsizlik \u00f6dene\u011finden yararlanamayan i\u015f\u00e7ilere, herhangi bir sosyal g\u00fcvenlik kurulu\u015fundan ya\u015fl\u0131l\u0131k ayl\u0131\u011f\u0131 almamak kayd\u0131yla ve 4857 say\u0131l\u0131 Kanunun ge\u00e7ici 10 uncu maddesinde yer alan fesih yap\u0131lamayacak s\u00fcreyi ge\u00e7memek \u00fczere, bu s\u00fcre i\u00e7inde \u00fccretsiz izinde bulunduklar\u0131 veya i\u015fsiz kald\u0131klar\u0131 s\u00fcre kadar, Fondan g\u00fcnl\u00fck 39,24 T\u00fcrk liras\u0131 nakdi \u00fccret deste\u011fi verilir. Yap\u0131lan \u00f6demelerden damga vergisi hari\u00e7 herhangi bir kesinti<\/i><i> <\/i><i>yap\u0131lamaz.<\/i><\/p>\n<p><i>Birinci f\u0131kra kapsam\u0131nda \u00fccretsiz izne ayr\u0131larak nakdi \u00fccret deste\u011finden yararlanan i\u015f\u00e7inin fiilen \u00e7al\u0131\u015ft\u0131r\u0131ld\u0131\u011f\u0131n\u0131n tespiti halinde i\u015fverene, bu \u015fekilde \u00e7al\u0131\u015ft\u0131r\u0131lan her i\u015f\u00e7i ve \u00e7al\u0131\u015ft\u0131r\u0131ld\u0131\u011f\u0131 her ay i\u00e7in ayr\u0131 ayr\u0131 olmak \u00fczere fiilin i\u015flendi\u011fi tarihteki 4857 say\u0131l\u0131 Kanunun 39 uncu maddesince belirlenen ayl\u0131k br\u00fct asgari \u00fccret tutar\u0131nda \u00e7al\u0131\u015fma ve i\u015f kurumu il m\u00fcd\u00fcrl\u00fcklerince idari para cezas\u0131 uygulan\u0131r ve \u00f6denen nakdi \u00fccret deste\u011fi \u00f6deme tarihinden itibaren i\u015fleyecek kanuni faizi ile birlikte i\u015fverenden tahsil edilir.<\/i><\/p>\n<p><i>Bu madde kapsam\u0131nda nakdi \u00fccret deste\u011finden yararlananlardan 5510 say\u0131l\u0131 Kanuna g\u00f6re genel sa\u011fl\u0131k sigortal\u0131s\u0131 veya genel sa\u011fl\u0131k sigortal\u0131s\u0131n\u0131n bakmakla y\u00fck\u00fcml\u00fc oldu\u011fu ki\u015fi kapsam\u0131na girmeyenler, ayn\u0131 Kanunun 60 \u0131nc\u0131 maddesinin birinci f\u0131kras\u0131n\u0131n (g) bendi kapsam\u0131nda genel sa\u011fl\u0131k sigortal\u0131s\u0131 say\u0131l\u0131rlar ve genel sa\u011fl\u0131k sigortas\u0131na ili\u015fkin primleri Fondan kar\u015f\u0131lan\u0131r.<\/i><\/p>\n<p><i>Bakanl\u0131k, nakdi \u00fccret deste\u011fine ili\u015fkin \u00f6deme usul ve esaslar\u0131n\u0131 belirlemeye ve bu maddenin uygulanmas\u0131na ili\u015fkin ortaya \u00e7\u0131kabilecek teredd\u00fctleri gidermeye yetkilidir.\u201d<\/i><\/p>\n<ul>\n<li>Bu d\u00fczenleme ile, gerekli \u015fartlar\u0131 ta\u015f\u0131yan ve i\u015fsizlik \u00f6dene\u011finden faydalanamayan i\u015f\u00e7ilere i\u015fsiz kald\u0131klar\u0131 s\u00fcre kadar, Fondan g\u00fcnl\u00fck 39,24 T\u00fcrk liras\u0131 nakdi \u00fccret deste\u011fi verilece\u011fi h\u00fck\u00fcm alt\u0131na al\u0131nm\u0131\u015ft\u0131r.<\/li>\n<\/ul>\n<ol start=\"3\">\n<li><b><\/b>4447 Say\u0131l\u0131 Kanun\u2019a a\u015fa\u011f\u0131daki ge\u00e7ici madde eklenmi\u015ftir:<\/li>\n<\/ol>\n<p><i>\u201cGE\u00c7\u0130C\u0130 MADDE 25 \u2013 Yeni koronavir\u00fcs (Covid-19) sebebiyle i\u015fverenlerin yapt\u0131klar\u0131 zorlay\u0131c\u0131 sebep gerek\u00e7eli k\u0131sa \u00e7al\u0131\u015fma ba\u015fvurular\u0131 i\u00e7in, uygunluk tespitinin tamamlanmas\u0131 beklenmeksizin, i\u015fverenlerin beyan\u0131 do\u011frultusunda k\u0131sa \u00e7al\u0131\u015fma \u00f6demesi ger\u00e7ekle\u015ftirilir.<\/i><\/p>\n<p><i>\u0130\u015fverenin hatal\u0131 bilgi ve belge vermesi nedeniyle yap\u0131lan fazla ve yersiz \u00f6demeler, yasal faizi ile birlikte i\u015fverenden tahsil<\/i><i> <\/i><i>edilir.\u201d<\/i><\/p>\n<p>Bu h\u00fck\u00fcm, 29\/02\/2020 tarihinden itibaren uygulanmak \u00fczere, yay\u0131m\u0131 tarihinde y\u00fcr\u00fcrl\u00fc\u011fe girmi\u015ftir.<\/p>\n<ul>\n<li>Bu d\u00fczenleme ile, i\u015fverenin k\u0131sa \u00e7al\u0131\u015fma uygulamas\u0131na ge\u00e7i\u015f talebi ile k\u0131sa \u00e7al\u0131\u015fma \u00f6demelerinin ger\u00e7ekle\u015ftirilece\u011fi, daha sonra yap\u0131lacak uygunluk denetiminde i\u015fverenin hatal\u0131 bilgileri nedeniyle k\u0131sa \u00e7al\u0131\u015fma uygulamas\u0131na ge\u00e7i\u015fe hak kazanamayaca\u011f\u0131 tespit edildi\u011fi halde, yap\u0131lan fazla \u00f6demelerin faizi ile birlikte i\u015fverenden tahsil edilece\u011fi h\u00fck\u00fcm alt\u0131na al\u0131nm\u0131\u015ft\u0131r.<\/li>\n<\/ul>\n<ol start=\"4\">\n<li><b><\/b>22\/5\/2003 tarihli ve 4857 say\u0131l\u0131 \u0130\u015f Kanunu\u2019na (\u2018<b>\u2019\u0130\u015f Kanunu\u2019\u2019<\/b>) a\u015fa\u011f\u0131daki ge\u00e7ici madde eklenmi\u015ftir:<\/li>\n<\/ol>\n<p><i>\u201cGE\u00c7\u0130C\u0130 MADDE 10 \u2013 Bu Kanunun kapsam\u0131nda olup olmad\u0131\u011f\u0131na bak\u0131lmaks\u0131z\u0131n her t\u00fcrl\u00fc i\u015f veya hizmet s\u00f6zle\u015fmesi, bu maddenin y\u00fcr\u00fcrl\u00fc\u011fe girdi\u011fi tarihten itibaren \u00fc\u00e7 ay s\u00fcreyle 25 inci maddenin birinci f\u0131kras\u0131n\u0131n (II) numaral\u0131 bendinde ve di\u011fer kanunlar\u0131n ilgili h\u00fck\u00fcmlerinde yer alan ahlak ve iyi niyet kurallar\u0131na uymayan haller ve benzeri sebepler d\u0131\u015f\u0131nda i\u015fveren taraf\u0131ndan<\/i><i> <\/i><i>feshedilemez.<\/i><\/p>\n<p><i>Bu maddenin y\u00fcr\u00fcrl\u00fc\u011fe girdi\u011fi tarihten itibaren \u00fc\u00e7 ayl\u0131k s\u00fcreyi ge\u00e7memek \u00fczere i\u015fveren i\u015f\u00e7iyi tamamen veya k\u0131smen \u00fccretsiz izne ay\u0131rabilir. Bu madde kapsam\u0131nda \u00fccretsiz izne ayr\u0131lmak, i\u015f\u00e7iye hakl\u0131 nedene dayanarak s\u00f6zle\u015fmeyi fesih hakk\u0131<\/i><i> <\/i><i>vermez.<\/i><\/p>\n<p><i>Bu madde h\u00fck\u00fcmlerine ayk\u0131r\u0131 olarak i\u015f s\u00f6zle\u015fmesini fesheden i\u015fveren veya i\u015fveren vekiline, s\u00f6zle\u015fmesi feshedilen her i\u015f\u00e7i i\u00e7in fiilin i\u015flendi\u011fi tarihteki ayl\u0131k br\u00fct asgari \u00fccret tutar\u0131nda idari para cezas\u0131 verilir.<\/i><\/p>\n<p><i>Cumhurba\u015fkan\u0131 birinci ve ikinci f\u0131krada yer alan \u00fc\u00e7 ayl\u0131k s\u00fcreleri alt\u0131 aya kadar uzatmaya yetkilidir.\u201d<\/i><\/p>\n<ul>\n<li>Yap\u0131lan bu d\u00fczenleme ile birlikte, \u00fc\u00e7 ay s\u00fcre ile \u0130\u015f Kanunu\u2019nda say\u0131lan hakl\u0131 nedenler hari\u00e7 i\u015f s\u00f6zle\u015fmelerinin feshedilemeyece\u011fi ifade edilmi\u015f olup, i\u015fverenlerin bu s\u00fcre\u00e7te i\u015f\u00e7ileri \u00fccretsiz izne g\u00f6nderebilece\u011fi h\u00fck\u00fcm alt\u0131na al\u0131nm\u0131\u015ft\u0131r<\/li>\n<\/ul>\n","protected":false},"excerpt":{"rendered":"<p>Bilgilendirme Notumuz; 17.04.2020 tarihli ve 31102 say\u0131l\u0131 Resmi Gazete\u2019de yay\u0131mlanan 7244 Say\u0131l\u0131 Kanun ile i\u015f hukuku \u00e7er\u00e7evesinde yap\u0131lan d\u00fczenlemeleri a\u00e7\u0131klamaktad\u0131r. 4447 Say\u0131l\u0131 \u0130\u015fsizlik Sigortas\u0131 Kanunu\u2019nun (\u2018\u20194447 Say\u0131l\u0131 Kanun\u2019\u2019) Ge\u00e7ici 23\u2019\u00fcnc\u00fc maddesi; \u2018\u201930\/6\/2020 tarihine kadar ge\u00e7erli olmak \u00fczere, yeni koronavir\u00fcs (Covid-19) [&hellip;]<\/p>\n","protected":false},"author":1,"featured_media":814,"comment_status":"open","ping_status":"open","sticky":false,"template":"","format":"standard","meta":{"footnotes":""},"categories":[31],"tags":[],"class_list":["post-813","post","type-post","status-publish","format-standard","has-post-thumbnail","hentry","category-labor-law"],"yoast_head":"<!-- This site is optimized with the Yoast SEO plugin v25.4 - https:\/\/yoast.com\/wordpress\/plugins\/seo\/ -->\n<title>Yeni Koronavir\u00fcs (COVID-19) Salg\u0131n\u0131n\u0131n Ekonomik Ve Sosyal Hayata Etkilerinin Azalt\u0131lmas\u0131 Hakk\u0131nda Kanun \u0130le Baz\u0131 Kanunlarda De\u011fi\u015fiklik Yap\u0131lmas\u0131na Dair Kanun\u2019un (\u2018\u20197244 Say\u0131l\u0131 Kanun\u2019\u2019) \u0130\u015f Hukukuna Etkileri | Narter &amp; Partners<\/title>\n<meta name=\"robots\" content=\"index, follow, max-snippet:-1, max-image-preview:large, max-video-preview:-1\" \/>\n<link rel=\"canonical\" href=\"https:\/\/www.narterlaw.com\/en\/yeni-koronavirus-covid-19-salgininin-ekonomik-ve-sosyal-hayata-etkilerinin-azaltilmasi-hakkinda-kanun-ile-bazi-kanunlarda-degisiklik-yapilmasina-dair-kanunun-7244-sayili\/\" \/>\n<meta property=\"og:locale\" content=\"en_US\" \/>\n<meta property=\"og:type\" content=\"article\" \/>\n<meta property=\"og:title\" content=\"Yeni Koronavir\u00fcs (COVID-19) Salg\u0131n\u0131n\u0131n Ekonomik Ve Sosyal Hayata Etkilerinin Azalt\u0131lmas\u0131 Hakk\u0131nda Kanun \u0130le Baz\u0131 Kanunlarda De\u011fi\u015fiklik Yap\u0131lmas\u0131na Dair Kanun\u2019un (\u2018\u20197244 Say\u0131l\u0131 Kanun\u2019\u2019) \u0130\u015f Hukukuna Etkileri | Narter &amp; Partners\" \/>\n<meta property=\"og:description\" content=\"Bilgilendirme Notumuz; 17.04.2020 tarihli ve 31102 say\u0131l\u0131 Resmi Gazete\u2019de yay\u0131mlanan 7244 Say\u0131l\u0131 Kanun ile i\u015f hukuku \u00e7er\u00e7evesinde yap\u0131lan d\u00fczenlemeleri a\u00e7\u0131klamaktad\u0131r. 4447 Say\u0131l\u0131 \u0130\u015fsizlik Sigortas\u0131 Kanunu\u2019nun (\u2018\u20194447 Say\u0131l\u0131 Kanun\u2019\u2019) Ge\u00e7ici 23\u2019\u00fcnc\u00fc maddesi; \u2018\u201930\/6\/2020 tarihine kadar ge\u00e7erli olmak \u00fczere, yeni koronavir\u00fcs (Covid-19) [&hellip;]\" \/>\n<meta property=\"og:url\" content=\"https:\/\/www.narterlaw.com\/en\/yeni-koronavirus-covid-19-salgininin-ekonomik-ve-sosyal-hayata-etkilerinin-azaltilmasi-hakkinda-kanun-ile-bazi-kanunlarda-degisiklik-yapilmasina-dair-kanunun-7244-sayili\/\" \/>\n<meta property=\"og:site_name\" content=\"Narter &amp; Partners\" \/>\n<meta property=\"article:published_time\" content=\"2020-04-17T19:54:47+00:00\" \/>\n<meta property=\"og:image\" content=\"https:\/\/www.narterlaw.com\/wp-content\/uploads\/2020\/04\/bilginot_370.png\" \/>\n\t<meta property=\"og:image:width\" content=\"1023\" \/>\n\t<meta property=\"og:image:height\" content=\"518\" \/>\n\t<meta property=\"og:image:type\" content=\"image\/png\" \/>\n<meta name=\"author\" content=\"admin\" \/>\n<meta name=\"twitter:card\" content=\"summary_large_image\" \/>\n<meta name=\"twitter:label1\" content=\"Written by\" \/>\n\t<meta name=\"twitter:data1\" content=\"admin\" \/>\n\t<meta name=\"twitter:label2\" content=\"Est. reading time\" \/>\n\t<meta name=\"twitter:data2\" content=\"6 minutes\" \/>\n<script type=\"application\/ld+json\" class=\"yoast-schema-graph\">{\"@context\":\"https:\/\/schema.org\",\"@graph\":[{\"@type\":\"Article\",\"@id\":\"https:\/\/www.narterlaw.com\/en\/yeni-koronavirus-covid-19-salgininin-ekonomik-ve-sosyal-hayata-etkilerinin-azaltilmasi-hakkinda-kanun-ile-bazi-kanunlarda-degisiklik-yapilmasina-dair-kanunun-7244-sayili\/#article\",\"isPartOf\":{\"@id\":\"https:\/\/www.narterlaw.com\/en\/yeni-koronavirus-covid-19-salgininin-ekonomik-ve-sosyal-hayata-etkilerinin-azaltilmasi-hakkinda-kanun-ile-bazi-kanunlarda-degisiklik-yapilmasina-dair-kanunun-7244-sayili\/\"},\"author\":{\"name\":\"admin\",\"@id\":\"https:\/\/www.narterlaw.com\/#\/schema\/person\/669f761d161a26a6776d10c1db0f5f24\"},\"headline\":\"Yeni Koronavir\u00fcs (COVID-19) Salg\u0131n\u0131n\u0131n Ekonomik Ve Sosyal Hayata Etkilerinin Azalt\u0131lmas\u0131 Hakk\u0131nda Kanun \u0130le Baz\u0131 Kanunlarda De\u011fi\u015fiklik Yap\u0131lmas\u0131na Dair Kanun\u2019un (\u2018\u20197244 Say\u0131l\u0131 Kanun\u2019\u2019) \u0130\u015f Hukukuna Etkileri\",\"datePublished\":\"2020-04-17T19:54:47+00:00\",\"mainEntityOfPage\":{\"@id\":\"https:\/\/www.narterlaw.com\/en\/yeni-koronavirus-covid-19-salgininin-ekonomik-ve-sosyal-hayata-etkilerinin-azaltilmasi-hakkinda-kanun-ile-bazi-kanunlarda-degisiklik-yapilmasina-dair-kanunun-7244-sayili\/\"},\"wordCount\":1156,\"commentCount\":0,\"publisher\":{\"@id\":\"https:\/\/www.narterlaw.com\/#organization\"},\"image\":{\"@id\":\"https:\/\/www.narterlaw.com\/en\/yeni-koronavirus-covid-19-salgininin-ekonomik-ve-sosyal-hayata-etkilerinin-azaltilmasi-hakkinda-kanun-ile-bazi-kanunlarda-degisiklik-yapilmasina-dair-kanunun-7244-sayili\/#primaryimage\"},\"thumbnailUrl\":\"https:\/\/www.narterlaw.com\/wp-content\/uploads\/2020\/04\/bilginot_370.png\",\"articleSection\":[\"Labor Law\"],\"inLanguage\":\"en-US\",\"potentialAction\":[{\"@type\":\"CommentAction\",\"name\":\"Comment\",\"target\":[\"https:\/\/www.narterlaw.com\/en\/yeni-koronavirus-covid-19-salgininin-ekonomik-ve-sosyal-hayata-etkilerinin-azaltilmasi-hakkinda-kanun-ile-bazi-kanunlarda-degisiklik-yapilmasina-dair-kanunun-7244-sayili\/#respond\"]}]},{\"@type\":\"WebPage\",\"@id\":\"https:\/\/www.narterlaw.com\/en\/yeni-koronavirus-covid-19-salgininin-ekonomik-ve-sosyal-hayata-etkilerinin-azaltilmasi-hakkinda-kanun-ile-bazi-kanunlarda-degisiklik-yapilmasina-dair-kanunun-7244-sayili\/\",\"url\":\"https:\/\/www.narterlaw.com\/en\/yeni-koronavirus-covid-19-salgininin-ekonomik-ve-sosyal-hayata-etkilerinin-azaltilmasi-hakkinda-kanun-ile-bazi-kanunlarda-degisiklik-yapilmasina-dair-kanunun-7244-sayili\/\",\"name\":\"Yeni Koronavir\u00fcs (COVID-19) Salg\u0131n\u0131n\u0131n Ekonomik Ve Sosyal Hayata Etkilerinin Azalt\u0131lmas\u0131 Hakk\u0131nda Kanun \u0130le Baz\u0131 Kanunlarda De\u011fi\u015fiklik Yap\u0131lmas\u0131na Dair Kanun\u2019un (\u2018\u20197244 Say\u0131l\u0131 Kanun\u2019\u2019) \u0130\u015f Hukukuna Etkileri | Narter &amp; Partners\",\"isPartOf\":{\"@id\":\"https:\/\/www.narterlaw.com\/#website\"},\"primaryImageOfPage\":{\"@id\":\"https:\/\/www.narterlaw.com\/en\/yeni-koronavirus-covid-19-salgininin-ekonomik-ve-sosyal-hayata-etkilerinin-azaltilmasi-hakkinda-kanun-ile-bazi-kanunlarda-degisiklik-yapilmasina-dair-kanunun-7244-sayili\/#primaryimage\"},\"image\":{\"@id\":\"https:\/\/www.narterlaw.com\/en\/yeni-koronavirus-covid-19-salgininin-ekonomik-ve-sosyal-hayata-etkilerinin-azaltilmasi-hakkinda-kanun-ile-bazi-kanunlarda-degisiklik-yapilmasina-dair-kanunun-7244-sayili\/#primaryimage\"},\"thumbnailUrl\":\"https:\/\/www.narterlaw.com\/wp-content\/uploads\/2020\/04\/bilginot_370.png\",\"datePublished\":\"2020-04-17T19:54:47+00:00\",\"breadcrumb\":{\"@id\":\"https:\/\/www.narterlaw.com\/en\/yeni-koronavirus-covid-19-salgininin-ekonomik-ve-sosyal-hayata-etkilerinin-azaltilmasi-hakkinda-kanun-ile-bazi-kanunlarda-degisiklik-yapilmasina-dair-kanunun-7244-sayili\/#breadcrumb\"},\"inLanguage\":\"en-US\",\"potentialAction\":[{\"@type\":\"ReadAction\",\"target\":[\"https:\/\/www.narterlaw.com\/en\/yeni-koronavirus-covid-19-salgininin-ekonomik-ve-sosyal-hayata-etkilerinin-azaltilmasi-hakkinda-kanun-ile-bazi-kanunlarda-degisiklik-yapilmasina-dair-kanunun-7244-sayili\/\"]}]},{\"@type\":\"ImageObject\",\"inLanguage\":\"en-US\",\"@id\":\"https:\/\/www.narterlaw.com\/en\/yeni-koronavirus-covid-19-salgininin-ekonomik-ve-sosyal-hayata-etkilerinin-azaltilmasi-hakkinda-kanun-ile-bazi-kanunlarda-degisiklik-yapilmasina-dair-kanunun-7244-sayili\/#primaryimage\",\"url\":\"https:\/\/www.narterlaw.com\/wp-content\/uploads\/2020\/04\/bilginot_370.png\",\"contentUrl\":\"https:\/\/www.narterlaw.com\/wp-content\/uploads\/2020\/04\/bilginot_370.png\",\"width\":1023,\"height\":518},{\"@type\":\"BreadcrumbList\",\"@id\":\"https:\/\/www.narterlaw.com\/en\/yeni-koronavirus-covid-19-salgininin-ekonomik-ve-sosyal-hayata-etkilerinin-azaltilmasi-hakkinda-kanun-ile-bazi-kanunlarda-degisiklik-yapilmasina-dair-kanunun-7244-sayili\/#breadcrumb\",\"itemListElement\":[{\"@type\":\"ListItem\",\"position\":1,\"name\":\"Anasayfa\",\"item\":\"https:\/\/www.narterlaw.com\/en\/\"},{\"@type\":\"ListItem\",\"position\":2,\"name\":\"Yeni Koronavir\u00fcs (COVID-19) Salg\u0131n\u0131n\u0131n Ekonomik Ve Sosyal Hayata Etkilerinin Azalt\u0131lmas\u0131 Hakk\u0131nda Kanun \u0130le Baz\u0131 Kanunlarda De\u011fi\u015fiklik Yap\u0131lmas\u0131na Dair Kanun\u2019un (\u2018\u20197244 Say\u0131l\u0131 Kanun\u2019\u2019) \u0130\u015f Hukukuna Etkileri\"}]},{\"@type\":\"WebSite\",\"@id\":\"https:\/\/www.narterlaw.com\/#website\",\"url\":\"https:\/\/www.narterlaw.com\/\",\"name\":\"Narter &amp; Partners\",\"description\":\"Narter &amp; Partners\",\"publisher\":{\"@id\":\"https:\/\/www.narterlaw.com\/#organization\"},\"potentialAction\":[{\"@type\":\"SearchAction\",\"target\":{\"@type\":\"EntryPoint\",\"urlTemplate\":\"https:\/\/www.narterlaw.com\/?s={search_term_string}\"},\"query-input\":{\"@type\":\"PropertyValueSpecification\",\"valueRequired\":true,\"valueName\":\"search_term_string\"}}],\"inLanguage\":\"en-US\"},{\"@type\":\"Organization\",\"@id\":\"https:\/\/www.narterlaw.com\/#organization\",\"name\":\"narterlaw\",\"url\":\"https:\/\/www.narterlaw.com\/\",\"logo\":{\"@type\":\"ImageObject\",\"inLanguage\":\"en-US\",\"@id\":\"https:\/\/www.narterlaw.com\/#\/schema\/logo\/image\/\",\"url\":\"https:\/\/www.narterlaw.com\/wp-content\/uploads\/2020\/05\/narterpartners-logo.png\",\"contentUrl\":\"https:\/\/www.narterlaw.com\/wp-content\/uploads\/2020\/05\/narterpartners-logo.png\",\"width\":132,\"height\":50,\"caption\":\"narterlaw\"},\"image\":{\"@id\":\"https:\/\/www.narterlaw.com\/#\/schema\/logo\/image\/\"}},{\"@type\":\"Person\",\"@id\":\"https:\/\/www.narterlaw.com\/#\/schema\/person\/669f761d161a26a6776d10c1db0f5f24\",\"name\":\"admin\",\"image\":{\"@type\":\"ImageObject\",\"inLanguage\":\"en-US\",\"@id\":\"https:\/\/www.narterlaw.com\/#\/schema\/person\/image\/\",\"url\":\"https:\/\/secure.gravatar.com\/avatar\/ca62748feb9a0364b7dcad459815128c?s=96&d=mm&r=g\",\"contentUrl\":\"https:\/\/secure.gravatar.com\/avatar\/ca62748feb9a0364b7dcad459815128c?s=96&d=mm&r=g\",\"caption\":\"admin\"},\"sameAs\":[\"http:\/\/narter.korkutads.com\"]}]}<\/script>\n<!-- \/ Yoast SEO plugin. -->","yoast_head_json":{"title":"Yeni Koronavir\u00fcs (COVID-19) Salg\u0131n\u0131n\u0131n Ekonomik Ve Sosyal Hayata Etkilerinin Azalt\u0131lmas\u0131 Hakk\u0131nda Kanun \u0130le Baz\u0131 Kanunlarda De\u011fi\u015fiklik Yap\u0131lmas\u0131na Dair Kanun\u2019un (\u2018\u20197244 Say\u0131l\u0131 Kanun\u2019\u2019) \u0130\u015f Hukukuna Etkileri | Narter &amp; Partners","robots":{"index":"index","follow":"follow","max-snippet":"max-snippet:-1","max-image-preview":"max-image-preview:large","max-video-preview":"max-video-preview:-1"},"canonical":"https:\/\/www.narterlaw.com\/en\/yeni-koronavirus-covid-19-salgininin-ekonomik-ve-sosyal-hayata-etkilerinin-azaltilmasi-hakkinda-kanun-ile-bazi-kanunlarda-degisiklik-yapilmasina-dair-kanunun-7244-sayili\/","og_locale":"en_US","og_type":"article","og_title":"Yeni Koronavir\u00fcs (COVID-19) Salg\u0131n\u0131n\u0131n Ekonomik Ve Sosyal Hayata Etkilerinin Azalt\u0131lmas\u0131 Hakk\u0131nda Kanun \u0130le Baz\u0131 Kanunlarda De\u011fi\u015fiklik Yap\u0131lmas\u0131na Dair Kanun\u2019un (\u2018\u20197244 Say\u0131l\u0131 Kanun\u2019\u2019) \u0130\u015f Hukukuna Etkileri | Narter &amp; Partners","og_description":"Bilgilendirme Notumuz; 17.04.2020 tarihli ve 31102 say\u0131l\u0131 Resmi Gazete\u2019de yay\u0131mlanan 7244 Say\u0131l\u0131 Kanun ile i\u015f hukuku \u00e7er\u00e7evesinde yap\u0131lan d\u00fczenlemeleri a\u00e7\u0131klamaktad\u0131r. 4447 Say\u0131l\u0131 \u0130\u015fsizlik Sigortas\u0131 Kanunu\u2019nun (\u2018\u20194447 Say\u0131l\u0131 Kanun\u2019\u2019) Ge\u00e7ici 23\u2019\u00fcnc\u00fc maddesi; \u2018\u201930\/6\/2020 tarihine kadar ge\u00e7erli olmak \u00fczere, yeni koronavir\u00fcs (Covid-19) [&hellip;]","og_url":"https:\/\/www.narterlaw.com\/en\/yeni-koronavirus-covid-19-salgininin-ekonomik-ve-sosyal-hayata-etkilerinin-azaltilmasi-hakkinda-kanun-ile-bazi-kanunlarda-degisiklik-yapilmasina-dair-kanunun-7244-sayili\/","og_site_name":"Narter &amp; Partners","article_published_time":"2020-04-17T19:54:47+00:00","og_image":[{"width":1023,"height":518,"url":"https:\/\/www.narterlaw.com\/wp-content\/uploads\/2020\/04\/bilginot_370.png","type":"image\/png"}],"author":"admin","twitter_card":"summary_large_image","twitter_misc":{"Written by":"admin","Est. reading time":"6 minutes"},"schema":{"@context":"https:\/\/schema.org","@graph":[{"@type":"Article","@id":"https:\/\/www.narterlaw.com\/en\/yeni-koronavirus-covid-19-salgininin-ekonomik-ve-sosyal-hayata-etkilerinin-azaltilmasi-hakkinda-kanun-ile-bazi-kanunlarda-degisiklik-yapilmasina-dair-kanunun-7244-sayili\/#article","isPartOf":{"@id":"https:\/\/www.narterlaw.com\/en\/yeni-koronavirus-covid-19-salgininin-ekonomik-ve-sosyal-hayata-etkilerinin-azaltilmasi-hakkinda-kanun-ile-bazi-kanunlarda-degisiklik-yapilmasina-dair-kanunun-7244-sayili\/"},"author":{"name":"admin","@id":"https:\/\/www.narterlaw.com\/#\/schema\/person\/669f761d161a26a6776d10c1db0f5f24"},"headline":"Yeni Koronavir\u00fcs (COVID-19) Salg\u0131n\u0131n\u0131n Ekonomik Ve Sosyal Hayata Etkilerinin Azalt\u0131lmas\u0131 Hakk\u0131nda Kanun \u0130le Baz\u0131 Kanunlarda De\u011fi\u015fiklik Yap\u0131lmas\u0131na Dair Kanun\u2019un (\u2018\u20197244 Say\u0131l\u0131 Kanun\u2019\u2019) \u0130\u015f Hukukuna Etkileri","datePublished":"2020-04-17T19:54:47+00:00","mainEntityOfPage":{"@id":"https:\/\/www.narterlaw.com\/en\/yeni-koronavirus-covid-19-salgininin-ekonomik-ve-sosyal-hayata-etkilerinin-azaltilmasi-hakkinda-kanun-ile-bazi-kanunlarda-degisiklik-yapilmasina-dair-kanunun-7244-sayili\/"},"wordCount":1156,"commentCount":0,"publisher":{"@id":"https:\/\/www.narterlaw.com\/#organization"},"image":{"@id":"https:\/\/www.narterlaw.com\/en\/yeni-koronavirus-covid-19-salgininin-ekonomik-ve-sosyal-hayata-etkilerinin-azaltilmasi-hakkinda-kanun-ile-bazi-kanunlarda-degisiklik-yapilmasina-dair-kanunun-7244-sayili\/#primaryimage"},"thumbnailUrl":"https:\/\/www.narterlaw.com\/wp-content\/uploads\/2020\/04\/bilginot_370.png","articleSection":["Labor Law"],"inLanguage":"en-US","potentialAction":[{"@type":"CommentAction","name":"Comment","target":["https:\/\/www.narterlaw.com\/en\/yeni-koronavirus-covid-19-salgininin-ekonomik-ve-sosyal-hayata-etkilerinin-azaltilmasi-hakkinda-kanun-ile-bazi-kanunlarda-degisiklik-yapilmasina-dair-kanunun-7244-sayili\/#respond"]}]},{"@type":"WebPage","@id":"https:\/\/www.narterlaw.com\/en\/yeni-koronavirus-covid-19-salgininin-ekonomik-ve-sosyal-hayata-etkilerinin-azaltilmasi-hakkinda-kanun-ile-bazi-kanunlarda-degisiklik-yapilmasina-dair-kanunun-7244-sayili\/","url":"https:\/\/www.narterlaw.com\/en\/yeni-koronavirus-covid-19-salgininin-ekonomik-ve-sosyal-hayata-etkilerinin-azaltilmasi-hakkinda-kanun-ile-bazi-kanunlarda-degisiklik-yapilmasina-dair-kanunun-7244-sayili\/","name":"Yeni Koronavir\u00fcs (COVID-19) Salg\u0131n\u0131n\u0131n Ekonomik Ve Sosyal Hayata Etkilerinin Azalt\u0131lmas\u0131 Hakk\u0131nda Kanun \u0130le Baz\u0131 Kanunlarda De\u011fi\u015fiklik Yap\u0131lmas\u0131na Dair Kanun\u2019un (\u2018\u20197244 Say\u0131l\u0131 Kanun\u2019\u2019) \u0130\u015f Hukukuna Etkileri | Narter &amp; Partners","isPartOf":{"@id":"https:\/\/www.narterlaw.com\/#website"},"primaryImageOfPage":{"@id":"https:\/\/www.narterlaw.com\/en\/yeni-koronavirus-covid-19-salgininin-ekonomik-ve-sosyal-hayata-etkilerinin-azaltilmasi-hakkinda-kanun-ile-bazi-kanunlarda-degisiklik-yapilmasina-dair-kanunun-7244-sayili\/#primaryimage"},"image":{"@id":"https:\/\/www.narterlaw.com\/en\/yeni-koronavirus-covid-19-salgininin-ekonomik-ve-sosyal-hayata-etkilerinin-azaltilmasi-hakkinda-kanun-ile-bazi-kanunlarda-degisiklik-yapilmasina-dair-kanunun-7244-sayili\/#primaryimage"},"thumbnailUrl":"https:\/\/www.narterlaw.com\/wp-content\/uploads\/2020\/04\/bilginot_370.png","datePublished":"2020-04-17T19:54:47+00:00","breadcrumb":{"@id":"https:\/\/www.narterlaw.com\/en\/yeni-koronavirus-covid-19-salgininin-ekonomik-ve-sosyal-hayata-etkilerinin-azaltilmasi-hakkinda-kanun-ile-bazi-kanunlarda-degisiklik-yapilmasina-dair-kanunun-7244-sayili\/#breadcrumb"},"inLanguage":"en-US","potentialAction":[{"@type":"ReadAction","target":["https:\/\/www.narterlaw.com\/en\/yeni-koronavirus-covid-19-salgininin-ekonomik-ve-sosyal-hayata-etkilerinin-azaltilmasi-hakkinda-kanun-ile-bazi-kanunlarda-degisiklik-yapilmasina-dair-kanunun-7244-sayili\/"]}]},{"@type":"ImageObject","inLanguage":"en-US","@id":"https:\/\/www.narterlaw.com\/en\/yeni-koronavirus-covid-19-salgininin-ekonomik-ve-sosyal-hayata-etkilerinin-azaltilmasi-hakkinda-kanun-ile-bazi-kanunlarda-degisiklik-yapilmasina-dair-kanunun-7244-sayili\/#primaryimage","url":"https:\/\/www.narterlaw.com\/wp-content\/uploads\/2020\/04\/bilginot_370.png","contentUrl":"https:\/\/www.narterlaw.com\/wp-content\/uploads\/2020\/04\/bilginot_370.png","width":1023,"height":518},{"@type":"BreadcrumbList","@id":"https:\/\/www.narterlaw.com\/en\/yeni-koronavirus-covid-19-salgininin-ekonomik-ve-sosyal-hayata-etkilerinin-azaltilmasi-hakkinda-kanun-ile-bazi-kanunlarda-degisiklik-yapilmasina-dair-kanunun-7244-sayili\/#breadcrumb","itemListElement":[{"@type":"ListItem","position":1,"name":"Anasayfa","item":"https:\/\/www.narterlaw.com\/en\/"},{"@type":"ListItem","position":2,"name":"Yeni Koronavir\u00fcs (COVID-19) Salg\u0131n\u0131n\u0131n Ekonomik Ve Sosyal Hayata Etkilerinin Azalt\u0131lmas\u0131 Hakk\u0131nda Kanun \u0130le Baz\u0131 Kanunlarda De\u011fi\u015fiklik Yap\u0131lmas\u0131na Dair Kanun\u2019un (\u2018\u20197244 Say\u0131l\u0131 Kanun\u2019\u2019) \u0130\u015f Hukukuna Etkileri"}]},{"@type":"WebSite","@id":"https:\/\/www.narterlaw.com\/#website","url":"https:\/\/www.narterlaw.com\/","name":"Narter &amp; Partners","description":"Narter &amp; Partners","publisher":{"@id":"https:\/\/www.narterlaw.com\/#organization"},"potentialAction":[{"@type":"SearchAction","target":{"@type":"EntryPoint","urlTemplate":"https:\/\/www.narterlaw.com\/?s={search_term_string}"},"query-input":{"@type":"PropertyValueSpecification","valueRequired":true,"valueName":"search_term_string"}}],"inLanguage":"en-US"},{"@type":"Organization","@id":"https:\/\/www.narterlaw.com\/#organization","name":"narterlaw","url":"https:\/\/www.narterlaw.com\/","logo":{"@type":"ImageObject","inLanguage":"en-US","@id":"https:\/\/www.narterlaw.com\/#\/schema\/logo\/image\/","url":"https:\/\/www.narterlaw.com\/wp-content\/uploads\/2020\/05\/narterpartners-logo.png","contentUrl":"https:\/\/www.narterlaw.com\/wp-content\/uploads\/2020\/05\/narterpartners-logo.png","width":132,"height":50,"caption":"narterlaw"},"image":{"@id":"https:\/\/www.narterlaw.com\/#\/schema\/logo\/image\/"}},{"@type":"Person","@id":"https:\/\/www.narterlaw.com\/#\/schema\/person\/669f761d161a26a6776d10c1db0f5f24","name":"admin","image":{"@type":"ImageObject","inLanguage":"en-US","@id":"https:\/\/www.narterlaw.com\/#\/schema\/person\/image\/","url":"https:\/\/secure.gravatar.com\/avatar\/ca62748feb9a0364b7dcad459815128c?s=96&d=mm&r=g","contentUrl":"https:\/\/secure.gravatar.com\/avatar\/ca62748feb9a0364b7dcad459815128c?s=96&d=mm&r=g","caption":"admin"},"sameAs":["http:\/\/narter.korkutads.com"]}]}},"_links":{"self":[{"href":"https:\/\/www.narterlaw.com\/en\/wp-json\/wp\/v2\/posts\/813","targetHints":{"allow":["GET"]}}],"collection":[{"href":"https:\/\/www.narterlaw.com\/en\/wp-json\/wp\/v2\/posts"}],"about":[{"href":"https:\/\/www.narterlaw.com\/en\/wp-json\/wp\/v2\/types\/post"}],"author":[{"embeddable":true,"href":"https:\/\/www.narterlaw.com\/en\/wp-json\/wp\/v2\/users\/1"}],"replies":[{"embeddable":true,"href":"https:\/\/www.narterlaw.com\/en\/wp-json\/wp\/v2\/comments?post=813"}],"version-history":[{"count":0,"href":"https:\/\/www.narterlaw.com\/en\/wp-json\/wp\/v2\/posts\/813\/revisions"}],"wp:featuredmedia":[{"embeddable":true,"href":"https:\/\/www.narterlaw.com\/en\/wp-json\/wp\/v2\/media\/814"}],"wp:attachment":[{"href":"https:\/\/www.narterlaw.com\/en\/wp-json\/wp\/v2\/media?parent=813"}],"wp:term":[{"taxonomy":"category","embeddable":true,"href":"https:\/\/www.narterlaw.com\/en\/wp-json\/wp\/v2\/categories?post=813"},{"taxonomy":"post_tag","embeddable":true,"href":"https:\/\/www.narterlaw.com\/en\/wp-json\/wp\/v2\/tags?post=813"}],"curies":[{"name":"wp","href":"https:\/\/api.w.org\/{rel}","templated":true}]}}