{"id":804,"date":"2020-05-29T19:38:56","date_gmt":"2020-05-29T16:38:56","guid":{"rendered":"https:\/\/www.narterlaw.com\/haksiz-fiyat-degerlendirme-kurulu-yonetmeligi-neler-getiriyor\/"},"modified":"2020-05-29T19:38:56","modified_gmt":"2020-05-29T16:38:56","slug":"haksiz-fiyat-degerlendirme-kurulu-yonetmeligi-neler-getiriyor","status":"publish","type":"post","link":"https:\/\/www.narterlaw.com\/en\/haksiz-fiyat-degerlendirme-kurulu-yonetmeligi-neler-getiriyor\/","title":{"rendered":"Haks\u0131z Fiyat De\u011ferlendirme Kurulu Y\u00f6netmeli\u011fi Neler Getiriyor?"},"content":{"rendered":"<p><b>Konu:<\/b><span style=\"font-weight: 400;\"> Haks\u0131z Fiyat De\u011ferlendirme Kurulu Y\u00f6netmeli\u011fi<\/span><\/p>\n<p><b>Tarih:<\/b><span style=\"font-weight: 400;\"> 29\/05\/2020<\/span><\/p>\n<hr \/>\n<p>&nbsp;<\/p>\n<p><span style=\"font-weight: 400;\">28\/05\/2020 tarihli ve 31138 say\u0131l\u0131 Resmi Gazete\u2019de yay\u0131mlanan Haks\u0131z Fiyat De\u011ferlendirme Kurulu Y\u00f6netmeli\u011fi (\u2018\u2019<\/span><b>Y\u00f6netmelik<\/b><span style=\"font-weight: 400;\">\u2019\u2019); ola\u011fan\u00fcst\u00fc hal, afet ve ekonomik dalgalanma d\u00f6nemleri ile di\u011fer acil durumlarda faaliyet g\u00f6sterecek Haks\u0131z Fiyat De\u011ferlendirme Kurulu\u2019nun (\u2018\u2019<\/span><b>Kurul<\/b><span style=\"font-weight: 400;\">\u2019\u2019) olu\u015fumu, g\u00f6rev ve yetkileri ile \u00fcretici, tedarik\u00e7i ve perakende i\u015fletmelerin fahi\u015f fiyat art\u0131\u015f\u0131 ve stok\u00e7uluk uygulamalar\u0131n\u0131n denetlenmesine ve idari para cezalar\u0131n\u0131n uygulanmas\u0131na ili\u015fkin usul ve esaslar\u0131 d\u00fczenlemektedir.<\/span><\/p>\n<ul>\n<li><b>KURUL\u2019UN G\u00d6REV VE YETK\u0130LER\u0130<\/b><\/li>\n<\/ul>\n<p><span style=\"font-weight: 400;\">Kurul\u2019un g\u00f6rev ve yetkileri \u015funlard\u0131r:<\/span><\/p>\n<ol>\n<li style=\"font-weight: 400;\"><span style=\"font-weight: 400;\">Fahi\u015f fiyat art\u0131\u015f\u0131 ve stok\u00e7uluk uygulamalar\u0131na kar\u015f\u0131 piyasa dengesini ve t\u00fcketicileri korumaya y\u00f6nelik gerekli tedbirleri almak ve bunlar\u0131n uygulanmas\u0131n\u0131 sa\u011flamak.<\/span><\/li>\n<li style=\"font-weight: 400;\"><span style=\"font-weight: 400;\">Fahi\u015f fiyat art\u0131\u015f\u0131 ve stok\u00e7uluk uygulamalar\u0131 ile ilgili denetim ve incelemeler yapmak veya yapt\u0131rmak. Bu denetim ve incelemelere ili\u015fkin \u00fcretici, tedarik\u00e7i ve perakende i\u015fletmenin savunmas\u0131n\u0131 almak veya al\u0131nmas\u0131n\u0131 sa\u011flamak.\u00a0\u00a0<\/span><\/li>\n<li style=\"font-weight: 400;\"><span style=\"font-weight: 400;\">Perakende Ticaretin D\u00fczenlenmesi Hakk\u0131nda Kanunu\u2019nun (\u2018\u2019<\/span><b>Kanun<\/b><span style=\"font-weight: 400;\">\u2019\u2019) EK-1\u2019inci maddesinde belirtilen y\u00fck\u00fcml\u00fcl\u00fcklere ayk\u0131r\u0131 hareket etti\u011fi tespit edilen \u00fcretici, tedarik\u00e7i ve perakende i\u015fletmeler hakk\u0131nda Kanun\u2019un 18\u2019inci maddesinin birinci f\u0131kras\u0131n\u0131n (\u0131) bendi \u00e7er\u00e7evesinde idari para cezas\u0131 karar\u0131 almak ve bu karar\u0131n uygulanmas\u0131n\u0131 sa\u011flamak.<\/span><\/li>\n<li style=\"font-weight: 400;\"><span style=\"font-weight: 400;\">Fahi\u015f fiyat art\u0131\u015f\u0131 ve stok\u00e7uluk uygulamalar\u0131 ile ilgili ilke ve kurallar\u0131 belirlemek.<\/span><\/li>\n<li style=\"font-weight: 400;\"><span style=\"font-weight: 400;\">Ticaret Bakan\u0131 (\u2018\u2019<\/span><b>Bakan<\/b><span style=\"font-weight: 400;\">\u2019\u2019) taraf\u0131ndan fahi\u015f fiyat art\u0131\u015f\u0131 ve stok\u00e7uluk uygulamalar\u0131 ile ilgili verilen di\u011fer g\u00f6revleri yerine getirmek.<\/span><\/li>\n<\/ol>\n<ul>\n<li><b>\u015e\u0130KAYET BA\u015eVURUSU, \u0130NCELEMELER \u0130LE KURUL\u2019UN \u00c7ALI\u015eMA USUL VE ESASLARI<\/b><\/li>\n<\/ul>\n<p><span style=\"font-weight: 400;\">\u015eik\u00e2yet ba\u015fvurusu dilek\u00e7eyle, \u015fik\u00e2yet sistemi \u00fczerinden veya di\u011fer elektronik ba\u015fvuru y\u00f6ntemleri kullan\u0131larak Ticaret Bakanl\u0131\u011f\u0131\u2019na (\u2018\u2019<\/span><b>Bakanl\u0131k\u2019<\/b><span style=\"font-weight: 400;\">\u2019) ya da Ticaret \u0130l M\u00fcd\u00fcrl\u00fc\u011f\u00fc\u2019ne (\u2018<\/span><b>\u2019\u0130l M\u00fcd\u00fcrl\u00fc\u011f\u00fc\u2019\u2019<\/b><span style=\"font-weight: 400;\">) yap\u0131lmaktad\u0131r.<\/span><\/p>\n<p><span style=\"font-weight: 400;\">\u015eik\u00e2yet ba\u015fvurular\u0131nda;<\/span><\/p>\n<p>&nbsp;<\/p>\n<ol>\n<li style=\"font-weight: 400;\"><span style=\"font-weight: 400;\">\u015eik\u00e2yet\u00e7inin ger\u00e7ek ki\u015fi olmas\u0131 durumunda ad\u0131, soyad\u0131, T.C. kimlik numaras\u0131 veya yabanc\u0131 kimlik numaras\u0131 ile ileti\u015fim bilgilerine; t\u00fczel ki\u015fi olmas\u0131 durumunda ise unvan ve ileti\u015fim bilgilerine,<\/span><\/li>\n<li style=\"font-weight: 400;\"><span style=\"font-weight: 400;\">\u015eik\u00e2yete konu \u00fcretici, tedarik\u00e7i veya perakende i\u015fletmeye ait tan\u0131t\u0131c\u0131 bilgiler ve ileti\u015fim bilgileri ile mal veya hizmete ili\u015fkin bilgiler ile varsa belge, foto\u011fraf ve video g\u00f6r\u00fcnt\u00fclerine yer verilir.<\/span><\/li>\n<li style=\"font-weight: 400;\"><span style=\"font-weight: 400;\">Kurul taraf\u0131ndan belirlenen ilke ve kurallara uygun olmayan ba\u015fvurular, Bakanl\u0131k\u00e7a veya \u0130l M\u00fcd\u00fcrl\u00fc\u011f\u00fcnce reddedilir ve bu durum gerek\u00e7esiyle birlikte ba\u015fvuru sahibine bildirilir.<\/span><\/li>\n<li style=\"font-weight: 400;\"><span style=\"font-weight: 400;\">Kurul taraf\u0131ndan belirlenen ilke ve kurallara uygun olan ba\u015fvurular \u0130l M\u00fcd\u00fcrl\u00fc\u011f\u00fcnce \u00f6n incelemeye al\u0131n\u0131r ve bu inceleme sonucunda d\u00fczenlenen rapor, rapora dayanak te\u015fkil eden tutanak, savunma yaz\u0131s\u0131 ve di\u011fer belgelerle birlikte sekretaryaya g\u00f6nderilir.<\/span><\/li>\n<li style=\"font-weight: 400;\"><span style=\"font-weight: 400;\">Ba\u015fvurudan veya ba\u015fvuruya ili\u015fkin Kurul karar\u0131 al\u0131nmadan \u00f6nce yarg\u0131 yoluna gidildi\u011finin tespiti halinde ba\u015fvuru i\u015flemden kald\u0131r\u0131l\u0131r ve bu durum gerek\u00e7esiyle birlikte ba\u015fvuru sahibine bildirilir.<\/span><\/li>\n<li style=\"font-weight: 400;\"><span style=\"font-weight: 400;\">Kurul, ihtiya\u00e7 duyulmas\u0131 halinde sekt\u00f6r ve\/veya \u00fcr\u00fcn \u00f6zelinde alt \u00e7al\u0131\u015fma komisyonlar\u0131 kurulmas\u0131na karar verebilir.<\/span><\/li>\n<\/ol>\n<ul>\n<li><b>SAVUNMA<\/b><\/li>\n<\/ul>\n<p><span style=\"font-weight: 400;\">Resen veya \u015fik\u00e2yet \u00fczerine yap\u0131lan denetimlerde, Bakanl\u0131k, \u0130l M\u00fcd\u00fcrl\u00fc\u011f\u00fc veya yetkili idare taraf\u0131ndan \u00fcretici, tedarik\u00e7i ve perakende i\u015fletmeye denetimin yap\u0131ld\u0131\u011f\u0131 g\u00fcnden ba\u015flamak \u00fczere on g\u00fcnden az olmamak kayd\u0131yla savunma s\u00fcresi verilir. Bu s\u00fcre bir defaya mahsus on g\u00fcne kadar uzat\u0131labilmektedir.<\/span><\/p>\n<p><span style=\"font-weight: 400;\">Savunmaya dayanak te\u015fkil eden her t\u00fcrl\u00fc belge, \u00fcretici, tedarik\u00e7i ve perakende i\u015fletme taraf\u0131ndan savunma yaz\u0131s\u0131na eklenir. Verilen s\u00fcreler i\u00e7inde savunma yap\u0131lmamas\u0131 durumu hari\u00e7 olmak \u00fczere, \u00fcretici, tedarik\u00e7i ve perakende i\u015fletmenin savunmas\u0131 al\u0131nmadan Kurul taraf\u0131ndan idari para cezas\u0131 karar\u0131 al\u0131namaz ve uygulanamaz.<\/span><\/p>\n<ul>\n<li><b>DENET\u0130M VE CEZA H\u00dcK\u00dcMLER\u0130<\/b><\/li>\n<\/ul>\n<p><span style=\"font-weight: 400;\">Bakanl\u0131k, bu Y\u00f6netmelik\u2019in uygulanmas\u0131nda olu\u015fan teredd\u00fctleri gidermeye, ortaya \u00e7\u0131kan sorunlar ve \u015fik\u00e2yetlerle ilgili olarak \u00fcretici, tedarik\u00e7i ve perakende i\u015fletmelerde denetim yapmaya, ilgili ki\u015fi, kurum ve kurulu\u015flardan her t\u00fcrl\u00fc bilgi ve belgeyi talep etmeye yetkilidir. Bakanl\u0131k bu yetkisini \u0130l M\u00fcd\u00fcrl\u00fckleri arac\u0131l\u0131\u011f\u0131yla da kullanabilmektedir.<\/span><\/p>\n<p><span style=\"font-weight: 400;\">Denetim yetkisinin \u0130l M\u00fcd\u00fcrl\u00fc\u011f\u00fcnce kullan\u0131lmas\u0131 durumunda, Kurul\u2019da \u00fcyesi bulunan Bakanl\u0131klar\u0131n ta\u015fra birimlerinde \u00e7al\u0131\u015fan personel de denetime kat\u0131labilmektedir.<\/span><\/p>\n<p><span style=\"font-weight: 400;\">Yetkili idareler, Bakanl\u0131\u011f\u0131n talebi \u00fczerine \u00fcretici, tedarik\u00e7i ve perakende i\u015fletmelerin fahi\u015f fiyat art\u0131\u015f\u0131 ve stok\u00e7uluk uygulamalar\u0131 hakk\u0131nda \u00f6n inceleme mahiyetinde denetim yapmakla g\u00f6revlidir. Bu f\u0131kra kapsam\u0131nda yap\u0131lan denetimin sonu\u00e7lar\u0131 Bakanl\u0131k\u2019a derhal bildirilmelidir.<\/span><\/p>\n<p><b><i>Kanun\u2019un EK-1\u2019inci maddesinin birinci ve ikinci f\u0131kras\u0131 a\u015fa\u011f\u0131daki gibidir;<\/i><\/b><\/p>\n<p><i><span style=\"font-weight: 400;\">\u2018\u2019EK MADDE 1 \u2013 (Ek:16\/4\/2020-7244\/14 md.) (1) \u00dcretici, tedarik\u00e7i ve perakende i\u015fletmeler taraf\u0131ndan bir mal veya hizmetin sat\u0131\u015f fiyat\u0131nda fahi\u015f art\u0131\u015f yap\u0131lamaz. (2) \u00dcretici, tedarik\u00e7i ve perakende i\u015fletmeler taraf\u0131ndan piyasada darl\u0131k yarat\u0131c\u0131, piyasa dengesini ve serbest rekabeti bozucu faaliyetler ile t\u00fcketicinin mallara ula\u015fmas\u0131n\u0131 engelleyici faaliyetlerde bulunulamaz.\u2019\u2019<\/span><\/i><\/p>\n<ul>\n<li style=\"font-weight: 400;\"><span style=\"font-weight: 400;\">Kanun\u2019un Ek-1 inci maddesinin birinci f\u0131kras\u0131na ayk\u0131r\u0131 hareket edenlere, Kurul taraf\u0131ndan on bin T\u00fcrk Liras\u0131ndan y\u00fcz bin T\u00fcrk Liras\u0131na; ikinci f\u0131kras\u0131na ayk\u0131r\u0131 hareket edenlere ise elli bin T\u00fcrk Liras\u0131ndan be\u015f y\u00fcz bin T\u00fcrk Liras\u0131na kadar idari para cezas\u0131 verilecektir.<\/span><\/li>\n<li style=\"font-weight: 400;\"><span style=\"font-weight: 400;\">\u0130dari para cezas\u0131n\u0131n belirlenmesinde; i\u015flenen fiilin a\u011f\u0131rl\u0131\u011f\u0131 ve haks\u0131zl\u0131k i\u00e7eri\u011fi, i\u015fletmenin t\u00fcr\u00fc, b\u00fcy\u00fckl\u00fc\u011f\u00fc ve bulundu\u011fu sekt\u00f6r, fahi\u015f fiyat art\u0131\u015f\u0131 ve stok\u00e7uluk faaliyetinden sa\u011flanan menfaat ile daha \u00f6nce ayn\u0131 konuda idari para cezas\u0131 uygulan\u0131p uygulanmad\u0131\u011f\u0131 gibi hususlar dikkate al\u0131nacakt\u0131r.<\/span><\/li>\n<\/ul>\n<p><span style=\"font-weight: 400;\">16\/4\/2020 tarihli ve 7244 say\u0131l\u0131 Yeni Koronavir\u00fcs (Covid-19) Salg\u0131n\u0131n\u0131n Ekonomik ve Sosyal Hayata Etkilerinin Azalt\u0131lmas\u0131 Hakk\u0131nda Kanun ile Baz\u0131 Kanunlarda De\u011fi\u015fiklik Yap\u0131lmas\u0131na Dair Kanunun 14 \u00fcnc\u00fc maddesinin y\u00fcr\u00fcrl\u00fc\u011fe girdi\u011fi 17\/4\/2020 tarihinden \u00f6nce fahi\u015f fiyat art\u0131\u015f\u0131 uygulamalar\u0131 hakk\u0131nda Bakanl\u0131\u011fa yap\u0131lan ba\u015fvurular, 7\/11\/2013 tarihli ve 6502 say\u0131l\u0131 T\u00fcketicinin Korunmas\u0131 Hakk\u0131nda Kanun ve ikincil mevzuat\u0131 kapsam\u0131nda Reklam Kurulu taraf\u0131ndan sonu\u00e7land\u0131r\u0131lacakt\u0131r.<\/span><\/p>\n<ul>\n<li><b>DE\u011eERLEND\u0130RMELER\u0130M\u0130Z<\/b><\/li>\n<\/ul>\n<h3><span style=\"font-weight: 400;\">Bilgilendirme Notumuz\u2019da Y\u00f6entmelik ile birlikte \u00fcretici, tedarik\u00e7i ve perakende i\u015fletmelerin fahi\u015f fiyat art\u0131\u015f\u0131 ve stok\u00e7uluk uygulamalar\u0131n\u0131n denetlenmesine ve Kurul\u2019un verece\u011fi idari para cezalar\u0131na ili\u015fkin usul ve esaslar incelenmi\u015ftir.<\/span><\/h3>\n<p><i><span style=\"font-weight: 400;\">\u0130\u015fbu Bilgilendirme Notu, ele ald\u0131\u011f\u0131 konular\u0131n genel bir bak\u0131\u015f\u0131 olarak haz\u0131rlanm\u0131\u015ft\u0131r. Burada sa\u011flanan bilgiler yay\u0131nland\u0131\u011f\u0131 g\u00fcn itibariyle do\u011frudur. Narter &amp; Partners Hukuk B\u00fcrosu, bu yay\u0131n\u0131n dayanarak al\u0131nan herhangi bir eylemden dolay\u0131 sorumlu tutulamaz.<\/span><\/i><\/p>\n<p>&nbsp;<\/p>\n","protected":false},"excerpt":{"rendered":"<p>Konu: Haks\u0131z Fiyat De\u011ferlendirme Kurulu Y\u00f6netmeli\u011fi Tarih: 29\/05\/2020 &nbsp; 28\/05\/2020 tarihli ve 31138 say\u0131l\u0131 Resmi Gazete\u2019de yay\u0131mlanan Haks\u0131z Fiyat De\u011ferlendirme Kurulu Y\u00f6netmeli\u011fi (\u2018\u2019Y\u00f6netmelik\u2019\u2019); ola\u011fan\u00fcst\u00fc hal, afet ve ekonomik dalgalanma d\u00f6nemleri ile di\u011fer acil durumlarda faaliyet g\u00f6sterecek Haks\u0131z Fiyat De\u011ferlendirme Kurulu\u2019nun [&hellip;]<\/p>\n","protected":false},"author":1,"featured_media":805,"comment_status":"open","ping_status":"open","sticky":false,"template":"","format":"standard","meta":{"footnotes":""},"categories":[27],"tags":[],"class_list":["post-804","post","type-post","status-publish","format-standard","has-post-thumbnail","hentry","category-commercial-and-corporate-law"],"yoast_head":"<!-- This site is optimized with the Yoast SEO plugin v25.4 - https:\/\/yoast.com\/wordpress\/plugins\/seo\/ -->\n<title>Haks\u0131z Fiyat De\u011ferlendirme Kurulu Y\u00f6netmeli\u011fi Neler Getiriyor? | Narter &amp; Partners<\/title>\n<meta name=\"robots\" content=\"index, follow, max-snippet:-1, max-image-preview:large, max-video-preview:-1\" \/>\n<link rel=\"canonical\" href=\"https:\/\/www.narterlaw.com\/en\/haksiz-fiyat-degerlendirme-kurulu-yonetmeligi-neler-getiriyor\/\" \/>\n<meta property=\"og:locale\" content=\"en_US\" \/>\n<meta property=\"og:type\" content=\"article\" \/>\n<meta property=\"og:title\" content=\"Haks\u0131z Fiyat De\u011ferlendirme Kurulu Y\u00f6netmeli\u011fi Neler Getiriyor? | Narter &amp; Partners\" \/>\n<meta property=\"og:description\" content=\"Konu: Haks\u0131z Fiyat De\u011ferlendirme Kurulu Y\u00f6netmeli\u011fi Tarih: 29\/05\/2020 &nbsp; 28\/05\/2020 tarihli ve 31138 say\u0131l\u0131 Resmi Gazete\u2019de yay\u0131mlanan Haks\u0131z Fiyat De\u011ferlendirme Kurulu Y\u00f6netmeli\u011fi (\u2018\u2019Y\u00f6netmelik\u2019\u2019); ola\u011fan\u00fcst\u00fc hal, afet ve ekonomik dalgalanma d\u00f6nemleri ile di\u011fer acil durumlarda faaliyet g\u00f6sterecek Haks\u0131z Fiyat De\u011ferlendirme Kurulu\u2019nun [&hellip;]\" \/>\n<meta property=\"og:url\" content=\"https:\/\/www.narterlaw.com\/en\/haksiz-fiyat-degerlendirme-kurulu-yonetmeligi-neler-getiriyor\/\" \/>\n<meta property=\"og:site_name\" content=\"Narter &amp; Partners\" \/>\n<meta property=\"article:published_time\" content=\"2020-05-29T16:38:56+00:00\" \/>\n<meta property=\"og:image\" content=\"https:\/\/www.narterlaw.com\/wp-content\/uploads\/2020\/05\/haksiz-fiyat-degerlendirme-kurulu-yonetmeligi-neler-getiriyor.png\" \/>\n\t<meta property=\"og:image:width\" content=\"1023\" \/>\n\t<meta property=\"og:image:height\" content=\"518\" \/>\n\t<meta property=\"og:image:type\" content=\"image\/png\" \/>\n<meta name=\"author\" content=\"admin\" \/>\n<meta name=\"twitter:card\" content=\"summary_large_image\" \/>\n<meta name=\"twitter:label1\" content=\"Written by\" \/>\n\t<meta name=\"twitter:data1\" content=\"admin\" \/>\n\t<meta name=\"twitter:label2\" content=\"Est. reading time\" \/>\n\t<meta name=\"twitter:data2\" content=\"6 minutes\" \/>\n<script type=\"application\/ld+json\" class=\"yoast-schema-graph\">{\"@context\":\"https:\/\/schema.org\",\"@graph\":[{\"@type\":\"Article\",\"@id\":\"https:\/\/www.narterlaw.com\/en\/haksiz-fiyat-degerlendirme-kurulu-yonetmeligi-neler-getiriyor\/#article\",\"isPartOf\":{\"@id\":\"https:\/\/www.narterlaw.com\/en\/haksiz-fiyat-degerlendirme-kurulu-yonetmeligi-neler-getiriyor\/\"},\"author\":{\"name\":\"admin\",\"@id\":\"https:\/\/www.narterlaw.com\/#\/schema\/person\/669f761d161a26a6776d10c1db0f5f24\"},\"headline\":\"Haks\u0131z Fiyat De\u011ferlendirme Kurulu Y\u00f6netmeli\u011fi Neler Getiriyor?\",\"datePublished\":\"2020-05-29T16:38:56+00:00\",\"mainEntityOfPage\":{\"@id\":\"https:\/\/www.narterlaw.com\/en\/haksiz-fiyat-degerlendirme-kurulu-yonetmeligi-neler-getiriyor\/\"},\"wordCount\":1150,\"commentCount\":0,\"publisher\":{\"@id\":\"https:\/\/www.narterlaw.com\/#organization\"},\"image\":{\"@id\":\"https:\/\/www.narterlaw.com\/en\/haksiz-fiyat-degerlendirme-kurulu-yonetmeligi-neler-getiriyor\/#primaryimage\"},\"thumbnailUrl\":\"https:\/\/www.narterlaw.com\/wp-content\/uploads\/2020\/05\/haksiz-fiyat-degerlendirme-kurulu-yonetmeligi-neler-getiriyor.png\",\"articleSection\":[\"Commercial and Corporate Law\"],\"inLanguage\":\"en-US\",\"potentialAction\":[{\"@type\":\"CommentAction\",\"name\":\"Comment\",\"target\":[\"https:\/\/www.narterlaw.com\/en\/haksiz-fiyat-degerlendirme-kurulu-yonetmeligi-neler-getiriyor\/#respond\"]}]},{\"@type\":\"WebPage\",\"@id\":\"https:\/\/www.narterlaw.com\/en\/haksiz-fiyat-degerlendirme-kurulu-yonetmeligi-neler-getiriyor\/\",\"url\":\"https:\/\/www.narterlaw.com\/en\/haksiz-fiyat-degerlendirme-kurulu-yonetmeligi-neler-getiriyor\/\",\"name\":\"Haks\u0131z Fiyat De\u011ferlendirme Kurulu Y\u00f6netmeli\u011fi Neler Getiriyor? | Narter &amp; Partners\",\"isPartOf\":{\"@id\":\"https:\/\/www.narterlaw.com\/#website\"},\"primaryImageOfPage\":{\"@id\":\"https:\/\/www.narterlaw.com\/en\/haksiz-fiyat-degerlendirme-kurulu-yonetmeligi-neler-getiriyor\/#primaryimage\"},\"image\":{\"@id\":\"https:\/\/www.narterlaw.com\/en\/haksiz-fiyat-degerlendirme-kurulu-yonetmeligi-neler-getiriyor\/#primaryimage\"},\"thumbnailUrl\":\"https:\/\/www.narterlaw.com\/wp-content\/uploads\/2020\/05\/haksiz-fiyat-degerlendirme-kurulu-yonetmeligi-neler-getiriyor.png\",\"datePublished\":\"2020-05-29T16:38:56+00:00\",\"breadcrumb\":{\"@id\":\"https:\/\/www.narterlaw.com\/en\/haksiz-fiyat-degerlendirme-kurulu-yonetmeligi-neler-getiriyor\/#breadcrumb\"},\"inLanguage\":\"en-US\",\"potentialAction\":[{\"@type\":\"ReadAction\",\"target\":[\"https:\/\/www.narterlaw.com\/en\/haksiz-fiyat-degerlendirme-kurulu-yonetmeligi-neler-getiriyor\/\"]}]},{\"@type\":\"ImageObject\",\"inLanguage\":\"en-US\",\"@id\":\"https:\/\/www.narterlaw.com\/en\/haksiz-fiyat-degerlendirme-kurulu-yonetmeligi-neler-getiriyor\/#primaryimage\",\"url\":\"https:\/\/www.narterlaw.com\/wp-content\/uploads\/2020\/05\/haksiz-fiyat-degerlendirme-kurulu-yonetmeligi-neler-getiriyor.png\",\"contentUrl\":\"https:\/\/www.narterlaw.com\/wp-content\/uploads\/2020\/05\/haksiz-fiyat-degerlendirme-kurulu-yonetmeligi-neler-getiriyor.png\",\"width\":1023,\"height\":518,\"caption\":\"Haks\u0131z Fiyat De\u011ferlendirme Kurulu Y\u00f6netmeli\u011fi\"},{\"@type\":\"BreadcrumbList\",\"@id\":\"https:\/\/www.narterlaw.com\/en\/haksiz-fiyat-degerlendirme-kurulu-yonetmeligi-neler-getiriyor\/#breadcrumb\",\"itemListElement\":[{\"@type\":\"ListItem\",\"position\":1,\"name\":\"Anasayfa\",\"item\":\"https:\/\/www.narterlaw.com\/en\/\"},{\"@type\":\"ListItem\",\"position\":2,\"name\":\"Haks\u0131z Fiyat De\u011ferlendirme Kurulu Y\u00f6netmeli\u011fi Neler Getiriyor?\"}]},{\"@type\":\"WebSite\",\"@id\":\"https:\/\/www.narterlaw.com\/#website\",\"url\":\"https:\/\/www.narterlaw.com\/\",\"name\":\"Narter &amp; Partners\",\"description\":\"Narter &amp; Partners\",\"publisher\":{\"@id\":\"https:\/\/www.narterlaw.com\/#organization\"},\"potentialAction\":[{\"@type\":\"SearchAction\",\"target\":{\"@type\":\"EntryPoint\",\"urlTemplate\":\"https:\/\/www.narterlaw.com\/?s={search_term_string}\"},\"query-input\":{\"@type\":\"PropertyValueSpecification\",\"valueRequired\":true,\"valueName\":\"search_term_string\"}}],\"inLanguage\":\"en-US\"},{\"@type\":\"Organization\",\"@id\":\"https:\/\/www.narterlaw.com\/#organization\",\"name\":\"narterlaw\",\"url\":\"https:\/\/www.narterlaw.com\/\",\"logo\":{\"@type\":\"ImageObject\",\"inLanguage\":\"en-US\",\"@id\":\"https:\/\/www.narterlaw.com\/#\/schema\/logo\/image\/\",\"url\":\"https:\/\/www.narterlaw.com\/wp-content\/uploads\/2020\/05\/narterpartners-logo.png\",\"contentUrl\":\"https:\/\/www.narterlaw.com\/wp-content\/uploads\/2020\/05\/narterpartners-logo.png\",\"width\":132,\"height\":50,\"caption\":\"narterlaw\"},\"image\":{\"@id\":\"https:\/\/www.narterlaw.com\/#\/schema\/logo\/image\/\"}},{\"@type\":\"Person\",\"@id\":\"https:\/\/www.narterlaw.com\/#\/schema\/person\/669f761d161a26a6776d10c1db0f5f24\",\"name\":\"admin\",\"image\":{\"@type\":\"ImageObject\",\"inLanguage\":\"en-US\",\"@id\":\"https:\/\/www.narterlaw.com\/#\/schema\/person\/image\/\",\"url\":\"https:\/\/secure.gravatar.com\/avatar\/ca62748feb9a0364b7dcad459815128c?s=96&d=mm&r=g\",\"contentUrl\":\"https:\/\/secure.gravatar.com\/avatar\/ca62748feb9a0364b7dcad459815128c?s=96&d=mm&r=g\",\"caption\":\"admin\"},\"sameAs\":[\"http:\/\/narter.korkutads.com\"]}]}<\/script>\n<!-- \/ Yoast SEO plugin. -->","yoast_head_json":{"title":"Haks\u0131z Fiyat De\u011ferlendirme Kurulu Y\u00f6netmeli\u011fi Neler Getiriyor? | Narter &amp; Partners","robots":{"index":"index","follow":"follow","max-snippet":"max-snippet:-1","max-image-preview":"max-image-preview:large","max-video-preview":"max-video-preview:-1"},"canonical":"https:\/\/www.narterlaw.com\/en\/haksiz-fiyat-degerlendirme-kurulu-yonetmeligi-neler-getiriyor\/","og_locale":"en_US","og_type":"article","og_title":"Haks\u0131z Fiyat De\u011ferlendirme Kurulu Y\u00f6netmeli\u011fi Neler Getiriyor? | Narter &amp; Partners","og_description":"Konu: Haks\u0131z Fiyat De\u011ferlendirme Kurulu Y\u00f6netmeli\u011fi Tarih: 29\/05\/2020 &nbsp; 28\/05\/2020 tarihli ve 31138 say\u0131l\u0131 Resmi Gazete\u2019de yay\u0131mlanan Haks\u0131z Fiyat De\u011ferlendirme Kurulu Y\u00f6netmeli\u011fi (\u2018\u2019Y\u00f6netmelik\u2019\u2019); ola\u011fan\u00fcst\u00fc hal, afet ve ekonomik dalgalanma d\u00f6nemleri ile di\u011fer acil durumlarda faaliyet g\u00f6sterecek Haks\u0131z Fiyat De\u011ferlendirme Kurulu\u2019nun [&hellip;]","og_url":"https:\/\/www.narterlaw.com\/en\/haksiz-fiyat-degerlendirme-kurulu-yonetmeligi-neler-getiriyor\/","og_site_name":"Narter &amp; Partners","article_published_time":"2020-05-29T16:38:56+00:00","og_image":[{"width":1023,"height":518,"url":"https:\/\/www.narterlaw.com\/wp-content\/uploads\/2020\/05\/haksiz-fiyat-degerlendirme-kurulu-yonetmeligi-neler-getiriyor.png","type":"image\/png"}],"author":"admin","twitter_card":"summary_large_image","twitter_misc":{"Written by":"admin","Est. reading time":"6 minutes"},"schema":{"@context":"https:\/\/schema.org","@graph":[{"@type":"Article","@id":"https:\/\/www.narterlaw.com\/en\/haksiz-fiyat-degerlendirme-kurulu-yonetmeligi-neler-getiriyor\/#article","isPartOf":{"@id":"https:\/\/www.narterlaw.com\/en\/haksiz-fiyat-degerlendirme-kurulu-yonetmeligi-neler-getiriyor\/"},"author":{"name":"admin","@id":"https:\/\/www.narterlaw.com\/#\/schema\/person\/669f761d161a26a6776d10c1db0f5f24"},"headline":"Haks\u0131z Fiyat De\u011ferlendirme Kurulu Y\u00f6netmeli\u011fi Neler Getiriyor?","datePublished":"2020-05-29T16:38:56+00:00","mainEntityOfPage":{"@id":"https:\/\/www.narterlaw.com\/en\/haksiz-fiyat-degerlendirme-kurulu-yonetmeligi-neler-getiriyor\/"},"wordCount":1150,"commentCount":0,"publisher":{"@id":"https:\/\/www.narterlaw.com\/#organization"},"image":{"@id":"https:\/\/www.narterlaw.com\/en\/haksiz-fiyat-degerlendirme-kurulu-yonetmeligi-neler-getiriyor\/#primaryimage"},"thumbnailUrl":"https:\/\/www.narterlaw.com\/wp-content\/uploads\/2020\/05\/haksiz-fiyat-degerlendirme-kurulu-yonetmeligi-neler-getiriyor.png","articleSection":["Commercial and Corporate Law"],"inLanguage":"en-US","potentialAction":[{"@type":"CommentAction","name":"Comment","target":["https:\/\/www.narterlaw.com\/en\/haksiz-fiyat-degerlendirme-kurulu-yonetmeligi-neler-getiriyor\/#respond"]}]},{"@type":"WebPage","@id":"https:\/\/www.narterlaw.com\/en\/haksiz-fiyat-degerlendirme-kurulu-yonetmeligi-neler-getiriyor\/","url":"https:\/\/www.narterlaw.com\/en\/haksiz-fiyat-degerlendirme-kurulu-yonetmeligi-neler-getiriyor\/","name":"Haks\u0131z Fiyat De\u011ferlendirme Kurulu Y\u00f6netmeli\u011fi Neler Getiriyor? | Narter &amp; Partners","isPartOf":{"@id":"https:\/\/www.narterlaw.com\/#website"},"primaryImageOfPage":{"@id":"https:\/\/www.narterlaw.com\/en\/haksiz-fiyat-degerlendirme-kurulu-yonetmeligi-neler-getiriyor\/#primaryimage"},"image":{"@id":"https:\/\/www.narterlaw.com\/en\/haksiz-fiyat-degerlendirme-kurulu-yonetmeligi-neler-getiriyor\/#primaryimage"},"thumbnailUrl":"https:\/\/www.narterlaw.com\/wp-content\/uploads\/2020\/05\/haksiz-fiyat-degerlendirme-kurulu-yonetmeligi-neler-getiriyor.png","datePublished":"2020-05-29T16:38:56+00:00","breadcrumb":{"@id":"https:\/\/www.narterlaw.com\/en\/haksiz-fiyat-degerlendirme-kurulu-yonetmeligi-neler-getiriyor\/#breadcrumb"},"inLanguage":"en-US","potentialAction":[{"@type":"ReadAction","target":["https:\/\/www.narterlaw.com\/en\/haksiz-fiyat-degerlendirme-kurulu-yonetmeligi-neler-getiriyor\/"]}]},{"@type":"ImageObject","inLanguage":"en-US","@id":"https:\/\/www.narterlaw.com\/en\/haksiz-fiyat-degerlendirme-kurulu-yonetmeligi-neler-getiriyor\/#primaryimage","url":"https:\/\/www.narterlaw.com\/wp-content\/uploads\/2020\/05\/haksiz-fiyat-degerlendirme-kurulu-yonetmeligi-neler-getiriyor.png","contentUrl":"https:\/\/www.narterlaw.com\/wp-content\/uploads\/2020\/05\/haksiz-fiyat-degerlendirme-kurulu-yonetmeligi-neler-getiriyor.png","width":1023,"height":518,"caption":"Haks\u0131z Fiyat De\u011ferlendirme Kurulu Y\u00f6netmeli\u011fi"},{"@type":"BreadcrumbList","@id":"https:\/\/www.narterlaw.com\/en\/haksiz-fiyat-degerlendirme-kurulu-yonetmeligi-neler-getiriyor\/#breadcrumb","itemListElement":[{"@type":"ListItem","position":1,"name":"Anasayfa","item":"https:\/\/www.narterlaw.com\/en\/"},{"@type":"ListItem","position":2,"name":"Haks\u0131z Fiyat De\u011ferlendirme Kurulu Y\u00f6netmeli\u011fi Neler Getiriyor?"}]},{"@type":"WebSite","@id":"https:\/\/www.narterlaw.com\/#website","url":"https:\/\/www.narterlaw.com\/","name":"Narter &amp; Partners","description":"Narter &amp; Partners","publisher":{"@id":"https:\/\/www.narterlaw.com\/#organization"},"potentialAction":[{"@type":"SearchAction","target":{"@type":"EntryPoint","urlTemplate":"https:\/\/www.narterlaw.com\/?s={search_term_string}"},"query-input":{"@type":"PropertyValueSpecification","valueRequired":true,"valueName":"search_term_string"}}],"inLanguage":"en-US"},{"@type":"Organization","@id":"https:\/\/www.narterlaw.com\/#organization","name":"narterlaw","url":"https:\/\/www.narterlaw.com\/","logo":{"@type":"ImageObject","inLanguage":"en-US","@id":"https:\/\/www.narterlaw.com\/#\/schema\/logo\/image\/","url":"https:\/\/www.narterlaw.com\/wp-content\/uploads\/2020\/05\/narterpartners-logo.png","contentUrl":"https:\/\/www.narterlaw.com\/wp-content\/uploads\/2020\/05\/narterpartners-logo.png","width":132,"height":50,"caption":"narterlaw"},"image":{"@id":"https:\/\/www.narterlaw.com\/#\/schema\/logo\/image\/"}},{"@type":"Person","@id":"https:\/\/www.narterlaw.com\/#\/schema\/person\/669f761d161a26a6776d10c1db0f5f24","name":"admin","image":{"@type":"ImageObject","inLanguage":"en-US","@id":"https:\/\/www.narterlaw.com\/#\/schema\/person\/image\/","url":"https:\/\/secure.gravatar.com\/avatar\/ca62748feb9a0364b7dcad459815128c?s=96&d=mm&r=g","contentUrl":"https:\/\/secure.gravatar.com\/avatar\/ca62748feb9a0364b7dcad459815128c?s=96&d=mm&r=g","caption":"admin"},"sameAs":["http:\/\/narter.korkutads.com"]}]}},"_links":{"self":[{"href":"https:\/\/www.narterlaw.com\/en\/wp-json\/wp\/v2\/posts\/804","targetHints":{"allow":["GET"]}}],"collection":[{"href":"https:\/\/www.narterlaw.com\/en\/wp-json\/wp\/v2\/posts"}],"about":[{"href":"https:\/\/www.narterlaw.com\/en\/wp-json\/wp\/v2\/types\/post"}],"author":[{"embeddable":true,"href":"https:\/\/www.narterlaw.com\/en\/wp-json\/wp\/v2\/users\/1"}],"replies":[{"embeddable":true,"href":"https:\/\/www.narterlaw.com\/en\/wp-json\/wp\/v2\/comments?post=804"}],"version-history":[{"count":0,"href":"https:\/\/www.narterlaw.com\/en\/wp-json\/wp\/v2\/posts\/804\/revisions"}],"wp:featuredmedia":[{"embeddable":true,"href":"https:\/\/www.narterlaw.com\/en\/wp-json\/wp\/v2\/media\/805"}],"wp:attachment":[{"href":"https:\/\/www.narterlaw.com\/en\/wp-json\/wp\/v2\/media?parent=804"}],"wp:term":[{"taxonomy":"category","embeddable":true,"href":"https:\/\/www.narterlaw.com\/en\/wp-json\/wp\/v2\/categories?post=804"},{"taxonomy":"post_tag","embeddable":true,"href":"https:\/\/www.narterlaw.com\/en\/wp-json\/wp\/v2\/tags?post=804"}],"curies":[{"name":"wp","href":"https:\/\/api.w.org\/{rel}","templated":true}]}}