{"id":2971,"date":"2024-04-15T11:30:21","date_gmt":"2024-04-15T08:30:21","guid":{"rendered":"https:\/\/www.narterlaw.com\/?p=2971"},"modified":"2024-04-15T11:30:21","modified_gmt":"2024-04-15T08:30:21","slug":"sustainable-packaging-in-the-european-union","status":"publish","type":"post","link":"https:\/\/www.narterlaw.com\/en\/sustainable-packaging-in-the-european-union\/","title":{"rendered":"Sustainable Packaging in the European Union"},"content":{"rendered":"<ul>\n<li>As part of the European Green Deal and the new circular Economy Action Plan, the European Commission proposed a revision of The Packaging and Packaging Waste Directive <strong>(\u201cthe PPWD\u201d)<\/strong> in November 2022. The initiative aims to ensure that all packaging is economically feasible for reuse or recyclability by 2030. It seeks to reinforce the essential requirements for packaging to promote the use of recycled content and enhance enforceability. Measures are also envisaged to address over-packaging and reduce packaging waste.<\/li>\n<li><strong><u>The directive applies to all packaging and all packaging waste, regardless of the material used.<\/u><\/strong><\/li>\n<li>The PPWD mandates Member States to implement measures to prevent the generation of packaging waste and to minimize the environmental impact of packaging. They are also required to take measures too.<\/li>\n<li>Following up to the PPWD, European lawmakers, Parliament and Council, have reached a \u201cprovisional agreement\u201d on revamped rules to reduce, reuse and recycle packaging, increase safety and promoting the circular economy.<\/li>\n<\/ul>\n<ul>\n<li>The new measures aim to enhance the safety and sustainability of packaging used in the European Union <strong>(\u201cEU\u201d)<\/strong> by mandating recyclability for all packaging, minimizing the presence of harmful substances, reducing unnecessary packaging, promoting the use of recycled content, and improving collection and recycling processes.<\/li>\n<li>The agreement sets packaging reduction targets (5% by 2030, 10% by 2035 and 15% by 2040) and<strong><u> requires EU countries to particularly reduce the amount of plastic packaging waste.<\/u><\/strong> <strong><u>As per the agreement, certain single-use plastic packaging formats would be prohibited starting from 1 January 2030<\/u><\/strong>.<\/li>\n<li>Negotiators have agreed that <strong><u>all packaging should be recyclable<\/u><\/strong>, <strong><u>meeting strict criteria to be defined through secondary legislation.<\/u><\/strong><\/li>\n<li>According to the deal, measures covering the entire life cycle of packaging, including restrictions on specific formats, aim to reduce waste by advocating for minimal packaging.<\/li>\n<\/ul>\n","protected":false},"excerpt":{"rendered":"<p>As part of the European Green Deal and the new circular Economy Action Plan, the European Commission proposed a revision of The Packaging and Packaging Waste Directive (\u201cthe PPWD\u201d) in November 2022. The initiative aims to ensure that all packaging [&hellip;]<\/p>\n","protected":false},"author":2,"featured_media":0,"comment_status":"open","ping_status":"open","sticky":false,"template":"","format":"standard","meta":{"footnotes":""},"categories":[55,19],"tags":[],"class_list":["post-2971","post","type-post","status-publish","format-standard","hentry","category-esg-surdurulebilirlik-en","category-uncategorized"],"yoast_head":"<!-- This site is optimized with the Yoast SEO plugin v25.4 - https:\/\/yoast.com\/wordpress\/plugins\/seo\/ -->\n<title>Sustainable Packaging in the European Union | Narter &amp; Partners<\/title>\n<meta name=\"robots\" content=\"index, follow, max-snippet:-1, max-image-preview:large, max-video-preview:-1\" \/>\n<link rel=\"canonical\" href=\"https:\/\/www.narterlaw.com\/en\/sustainable-packaging-in-the-european-union\/\" \/>\n<meta property=\"og:locale\" content=\"en_US\" \/>\n<meta property=\"og:type\" content=\"article\" \/>\n<meta property=\"og:title\" content=\"Sustainable Packaging in the European Union | Narter &amp; Partners\" \/>\n<meta property=\"og:description\" content=\"As part of the European Green Deal and the new circular Economy Action Plan, the European Commission proposed a revision of The Packaging and Packaging Waste Directive (\u201cthe PPWD\u201d) in November 2022. The initiative aims to ensure that all packaging [&hellip;]\" \/>\n<meta property=\"og:url\" content=\"https:\/\/www.narterlaw.com\/en\/sustainable-packaging-in-the-european-union\/\" \/>\n<meta property=\"og:site_name\" content=\"Narter &amp; Partners\" \/>\n<meta property=\"article:published_time\" content=\"2024-04-15T08:30:21+00:00\" \/>\n<meta name=\"author\" content=\"narter narter\" \/>\n<meta name=\"twitter:card\" content=\"summary_large_image\" \/>\n<meta name=\"twitter:label1\" content=\"Written by\" \/>\n\t<meta name=\"twitter:data1\" content=\"narter narter\" \/>\n\t<meta name=\"twitter:label2\" content=\"Est. reading time\" \/>\n\t<meta name=\"twitter:data2\" content=\"2 minutes\" \/>\n<script type=\"application\/ld+json\" class=\"yoast-schema-graph\">{\"@context\":\"https:\/\/schema.org\",\"@graph\":[{\"@type\":\"Article\",\"@id\":\"https:\/\/www.narterlaw.com\/en\/sustainable-packaging-in-the-european-union\/#article\",\"isPartOf\":{\"@id\":\"https:\/\/www.narterlaw.com\/en\/sustainable-packaging-in-the-european-union\/\"},\"author\":{\"name\":\"narter narter\",\"@id\":\"https:\/\/www.narterlaw.com\/#\/schema\/person\/d4a0d11e0252a090b0620c63fa1a95b0\"},\"headline\":\"Sustainable Packaging in the European Union\",\"datePublished\":\"2024-04-15T08:30:21+00:00\",\"mainEntityOfPage\":{\"@id\":\"https:\/\/www.narterlaw.com\/en\/sustainable-packaging-in-the-european-union\/\"},\"wordCount\":287,\"commentCount\":0,\"publisher\":{\"@id\":\"https:\/\/www.narterlaw.com\/#organization\"},\"articleSection\":[\"ESG &amp; S\u00fcrd\u00fcr\u00fclebilirlik\"],\"inLanguage\":\"en-US\",\"potentialAction\":[{\"@type\":\"CommentAction\",\"name\":\"Comment\",\"target\":[\"https:\/\/www.narterlaw.com\/en\/sustainable-packaging-in-the-european-union\/#respond\"]}]},{\"@type\":\"WebPage\",\"@id\":\"https:\/\/www.narterlaw.com\/en\/sustainable-packaging-in-the-european-union\/\",\"url\":\"https:\/\/www.narterlaw.com\/en\/sustainable-packaging-in-the-european-union\/\",\"name\":\"Sustainable Packaging in the European Union | Narter &amp; Partners\",\"isPartOf\":{\"@id\":\"https:\/\/www.narterlaw.com\/#website\"},\"datePublished\":\"2024-04-15T08:30:21+00:00\",\"breadcrumb\":{\"@id\":\"https:\/\/www.narterlaw.com\/en\/sustainable-packaging-in-the-european-union\/#breadcrumb\"},\"inLanguage\":\"en-US\",\"potentialAction\":[{\"@type\":\"ReadAction\",\"target\":[\"https:\/\/www.narterlaw.com\/en\/sustainable-packaging-in-the-european-union\/\"]}]},{\"@type\":\"BreadcrumbList\",\"@id\":\"https:\/\/www.narterlaw.com\/en\/sustainable-packaging-in-the-european-union\/#breadcrumb\",\"itemListElement\":[{\"@type\":\"ListItem\",\"position\":1,\"name\":\"Anasayfa\",\"item\":\"https:\/\/www.narterlaw.com\/en\/\"},{\"@type\":\"ListItem\",\"position\":2,\"name\":\"Sustainable Packaging in the European Union\"}]},{\"@type\":\"WebSite\",\"@id\":\"https:\/\/www.narterlaw.com\/#website\",\"url\":\"https:\/\/www.narterlaw.com\/\",\"name\":\"Narter &amp; Partners\",\"description\":\"Narter &amp; Partners\",\"publisher\":{\"@id\":\"https:\/\/www.narterlaw.com\/#organization\"},\"potentialAction\":[{\"@type\":\"SearchAction\",\"target\":{\"@type\":\"EntryPoint\",\"urlTemplate\":\"https:\/\/www.narterlaw.com\/?s={search_term_string}\"},\"query-input\":{\"@type\":\"PropertyValueSpecification\",\"valueRequired\":true,\"valueName\":\"search_term_string\"}}],\"inLanguage\":\"en-US\"},{\"@type\":\"Organization\",\"@id\":\"https:\/\/www.narterlaw.com\/#organization\",\"name\":\"narterlaw\",\"url\":\"https:\/\/www.narterlaw.com\/\",\"logo\":{\"@type\":\"ImageObject\",\"inLanguage\":\"en-US\",\"@id\":\"https:\/\/www.narterlaw.com\/#\/schema\/logo\/image\/\",\"url\":\"https:\/\/www.narterlaw.com\/wp-content\/uploads\/2020\/05\/narterpartners-logo.png\",\"contentUrl\":\"https:\/\/www.narterlaw.com\/wp-content\/uploads\/2020\/05\/narterpartners-logo.png\",\"width\":132,\"height\":50,\"caption\":\"narterlaw\"},\"image\":{\"@id\":\"https:\/\/www.narterlaw.com\/#\/schema\/logo\/image\/\"}},{\"@type\":\"Person\",\"@id\":\"https:\/\/www.narterlaw.com\/#\/schema\/person\/d4a0d11e0252a090b0620c63fa1a95b0\",\"name\":\"narter narter\",\"image\":{\"@type\":\"ImageObject\",\"inLanguage\":\"en-US\",\"@id\":\"https:\/\/www.narterlaw.com\/#\/schema\/person\/image\/\",\"url\":\"https:\/\/secure.gravatar.com\/avatar\/871cfdc00a264aa19f11f5948a756fcc?s=96&d=mm&r=g\",\"contentUrl\":\"https:\/\/secure.gravatar.com\/avatar\/871cfdc00a264aa19f11f5948a756fcc?s=96&d=mm&r=g\",\"caption\":\"narter narter\"}}]}<\/script>\n<!-- \/ Yoast SEO plugin. -->","yoast_head_json":{"title":"Sustainable Packaging in the European Union | Narter &amp; Partners","robots":{"index":"index","follow":"follow","max-snippet":"max-snippet:-1","max-image-preview":"max-image-preview:large","max-video-preview":"max-video-preview:-1"},"canonical":"https:\/\/www.narterlaw.com\/en\/sustainable-packaging-in-the-european-union\/","og_locale":"en_US","og_type":"article","og_title":"Sustainable Packaging in the European Union | Narter &amp; Partners","og_description":"As part of the European Green Deal and the new circular Economy Action Plan, the European Commission proposed a revision of The Packaging and Packaging Waste Directive (\u201cthe PPWD\u201d) in November 2022. The initiative aims to ensure that all packaging [&hellip;]","og_url":"https:\/\/www.narterlaw.com\/en\/sustainable-packaging-in-the-european-union\/","og_site_name":"Narter &amp; Partners","article_published_time":"2024-04-15T08:30:21+00:00","author":"narter narter","twitter_card":"summary_large_image","twitter_misc":{"Written by":"narter narter","Est. reading time":"2 minutes"},"schema":{"@context":"https:\/\/schema.org","@graph":[{"@type":"Article","@id":"https:\/\/www.narterlaw.com\/en\/sustainable-packaging-in-the-european-union\/#article","isPartOf":{"@id":"https:\/\/www.narterlaw.com\/en\/sustainable-packaging-in-the-european-union\/"},"author":{"name":"narter narter","@id":"https:\/\/www.narterlaw.com\/#\/schema\/person\/d4a0d11e0252a090b0620c63fa1a95b0"},"headline":"Sustainable Packaging in the European Union","datePublished":"2024-04-15T08:30:21+00:00","mainEntityOfPage":{"@id":"https:\/\/www.narterlaw.com\/en\/sustainable-packaging-in-the-european-union\/"},"wordCount":287,"commentCount":0,"publisher":{"@id":"https:\/\/www.narterlaw.com\/#organization"},"articleSection":["ESG &amp; S\u00fcrd\u00fcr\u00fclebilirlik"],"inLanguage":"en-US","potentialAction":[{"@type":"CommentAction","name":"Comment","target":["https:\/\/www.narterlaw.com\/en\/sustainable-packaging-in-the-european-union\/#respond"]}]},{"@type":"WebPage","@id":"https:\/\/www.narterlaw.com\/en\/sustainable-packaging-in-the-european-union\/","url":"https:\/\/www.narterlaw.com\/en\/sustainable-packaging-in-the-european-union\/","name":"Sustainable Packaging in the European Union | Narter &amp; Partners","isPartOf":{"@id":"https:\/\/www.narterlaw.com\/#website"},"datePublished":"2024-04-15T08:30:21+00:00","breadcrumb":{"@id":"https:\/\/www.narterlaw.com\/en\/sustainable-packaging-in-the-european-union\/#breadcrumb"},"inLanguage":"en-US","potentialAction":[{"@type":"ReadAction","target":["https:\/\/www.narterlaw.com\/en\/sustainable-packaging-in-the-european-union\/"]}]},{"@type":"BreadcrumbList","@id":"https:\/\/www.narterlaw.com\/en\/sustainable-packaging-in-the-european-union\/#breadcrumb","itemListElement":[{"@type":"ListItem","position":1,"name":"Anasayfa","item":"https:\/\/www.narterlaw.com\/en\/"},{"@type":"ListItem","position":2,"name":"Sustainable Packaging in the European Union"}]},{"@type":"WebSite","@id":"https:\/\/www.narterlaw.com\/#website","url":"https:\/\/www.narterlaw.com\/","name":"Narter &amp; Partners","description":"Narter &amp; Partners","publisher":{"@id":"https:\/\/www.narterlaw.com\/#organization"},"potentialAction":[{"@type":"SearchAction","target":{"@type":"EntryPoint","urlTemplate":"https:\/\/www.narterlaw.com\/?s={search_term_string}"},"query-input":{"@type":"PropertyValueSpecification","valueRequired":true,"valueName":"search_term_string"}}],"inLanguage":"en-US"},{"@type":"Organization","@id":"https:\/\/www.narterlaw.com\/#organization","name":"narterlaw","url":"https:\/\/www.narterlaw.com\/","logo":{"@type":"ImageObject","inLanguage":"en-US","@id":"https:\/\/www.narterlaw.com\/#\/schema\/logo\/image\/","url":"https:\/\/www.narterlaw.com\/wp-content\/uploads\/2020\/05\/narterpartners-logo.png","contentUrl":"https:\/\/www.narterlaw.com\/wp-content\/uploads\/2020\/05\/narterpartners-logo.png","width":132,"height":50,"caption":"narterlaw"},"image":{"@id":"https:\/\/www.narterlaw.com\/#\/schema\/logo\/image\/"}},{"@type":"Person","@id":"https:\/\/www.narterlaw.com\/#\/schema\/person\/d4a0d11e0252a090b0620c63fa1a95b0","name":"narter narter","image":{"@type":"ImageObject","inLanguage":"en-US","@id":"https:\/\/www.narterlaw.com\/#\/schema\/person\/image\/","url":"https:\/\/secure.gravatar.com\/avatar\/871cfdc00a264aa19f11f5948a756fcc?s=96&d=mm&r=g","contentUrl":"https:\/\/secure.gravatar.com\/avatar\/871cfdc00a264aa19f11f5948a756fcc?s=96&d=mm&r=g","caption":"narter narter"}}]}},"_links":{"self":[{"href":"https:\/\/www.narterlaw.com\/en\/wp-json\/wp\/v2\/posts\/2971","targetHints":{"allow":["GET"]}}],"collection":[{"href":"https:\/\/www.narterlaw.com\/en\/wp-json\/wp\/v2\/posts"}],"about":[{"href":"https:\/\/www.narterlaw.com\/en\/wp-json\/wp\/v2\/types\/post"}],"author":[{"embeddable":true,"href":"https:\/\/www.narterlaw.com\/en\/wp-json\/wp\/v2\/users\/2"}],"replies":[{"embeddable":true,"href":"https:\/\/www.narterlaw.com\/en\/wp-json\/wp\/v2\/comments?post=2971"}],"version-history":[{"count":1,"href":"https:\/\/www.narterlaw.com\/en\/wp-json\/wp\/v2\/posts\/2971\/revisions"}],"predecessor-version":[{"id":2972,"href":"https:\/\/www.narterlaw.com\/en\/wp-json\/wp\/v2\/posts\/2971\/revisions\/2972"}],"wp:attachment":[{"href":"https:\/\/www.narterlaw.com\/en\/wp-json\/wp\/v2\/media?parent=2971"}],"wp:term":[{"taxonomy":"category","embeddable":true,"href":"https:\/\/www.narterlaw.com\/en\/wp-json\/wp\/v2\/categories?post=2971"},{"taxonomy":"post_tag","embeddable":true,"href":"https:\/\/www.narterlaw.com\/en\/wp-json\/wp\/v2\/tags?post=2971"}],"curies":[{"name":"wp","href":"https:\/\/api.w.org\/{rel}","templated":true}]}}